{"id":1024,"date":"2025-06-02T11:31:16","date_gmt":"2025-06-02T16:31:16","guid":{"rendered":"https:\/\/fgsuroccidente.net\/?p=1024"},"modified":"2025-08-03T13:11:54","modified_gmt":"2025-08-03T18:11:54","slug":"comunicado-del-frente-de-guerra-sur-occidental-junio-2025","status":"publish","type":"post","link":"https:\/\/fgsuroccidente.net\/?p=1024","title":{"rendered":"COMUNICADO DEL FRENTE DE GUERRA SUR OCCIDENTAL-JUNIO 2025"},"content":{"rendered":"\n<p>\u201cLa verdadera realidad de la Paz Total\u201d<br>El Frente de Guerra Suroccidental del Ej\u00e9rcito de Liberaci\u00f3n Nacional &#8211; ELN, saluda a todos<br>los habitantes de la regi\u00f3n del Suroccidente Colombiano, siempre leales al compromiso<br>indeclinable de continuar en lucha por las transformaciones estructurales que necesita<br>nuestro pueblo para vivir dignamente, en paz, bienestar y justicia social.<\/p>\n\n\n\n<div data-wp-interactive=\"core\/file\" class=\"wp-block-file\"><object data-wp-bind--hidden=\"!state.hasPdfPreview\" hidden class=\"wp-block-file__embed\" data=\"https:\/\/fgsuroccidente.net\/wp-content\/uploads\/2025\/08\/Comunicado-junio-1.pdf\" type=\"application\/pdf\" style=\"width:100%;height:600px\" aria-label=\"Incrustado de COMUNICADO JUNIO.\"><\/object><a id=\"wp-block-file--media-8e02c2c3-f6c3-4730-a789-7cc80ea1df35\" href=\"https:\/\/fgsuroccidente.net\/wp-content\/uploads\/2025\/08\/Comunicado-junio-1.pdf\">COMUNICADO JUNIO<\/a><a href=\"https:\/\/fgsuroccidente.net\/wp-content\/uploads\/2025\/08\/Comunicado-junio-1.pdf\" class=\"wp-block-file__button wp-element-button\" download aria-describedby=\"wp-block-file--media-8e02c2c3-f6c3-4730-a789-7cc80ea1df35\">Descarga<\/a><\/div>\n","protected":false},"excerpt":{"rendered":"<p>\u201cLa verdadera realidad de la Paz Total\u201dEl Frente de Guerra Suroccidental del Ej\u00e9rcito de Liberaci\u00f3n Nacional &#8211; ELN, saluda a todoslos habitantes de la regi\u00f3n del Suroccidente Colombiano, siempre leales al compromisoindeclinable de continuar en lucha por las transformaciones estructurales que necesitanuestro pueblo para vivir dignamente, en paz, bienestar y <a href=\"https:\/\/fgsuroccidente.net\/?p=1024\" class=\"btn-link\">Seguir leyendo<i class=\"ion-ios-arrow-right\"><\/i><\/a><\/p>\n","protected":false},"author":2,"featured_media":1021,"comment_status":"closed","ping_status":"open","sticky":false,"template":"","format":"standard","meta":{"footnotes":""},"categories":[4,5,1],"tags":[],"class_list":["post-1024","post","type-post","status-publish","format-standard","has-post-thumbnail","hentry","category-coce","category-comunicados","category-manuelvasquez"],"_links":{"self":[{"href":"https:\/\/fgsuroccidente.net\/index.php?rest_route=\/wp\/v2\/posts\/1024","targetHints":{"allow":["GET"]}}],"collection":[{"href":"https:\/\/fgsuroccidente.net\/index.php?rest_route=\/wp\/v2\/posts"}],"about":[{"href":"https:\/\/fgsuroccidente.net\/index.php?rest_route=\/wp\/v2\/types\/post"}],"author":[{"embeddable":true,"href":"https:\/\/fgsuroccidente.net\/index.php?rest_route=\/wp\/v2\/users\/2"}],"replies":[{"embeddable":true,"href":"https:\/\/fgsuroccidente.net\/index.php?rest_route=%2Fwp%2Fv2%2Fcomments&post=1024"}],"version-history":[{"count":1,"href":"https:\/\/fgsuroccidente.net\/index.php?rest_route=\/wp\/v2\/posts\/1024\/revisions"}],"predecessor-version":[{"id":1026,"href":"https:\/\/fgsuroccidente.net\/index.php?rest_route=\/wp\/v2\/posts\/1024\/revisions\/1026"}],"wp:featuredmedia":[{"embeddable":true,"href":"https:\/\/fgsuroccidente.net\/index.php?rest_route=\/wp\/v2\/media\/1021"}],"wp:attachment":[{"href":"https:\/\/fgsuroccidente.net\/index.php?rest_route=%2Fwp%2Fv2%2Fmedia&parent=1024"}],"wp:term":[{"taxonomy":"category","embeddable":true,"href":"https:\/\/fgsuroccidente.net\/index.php?rest_route=%2Fwp%2Fv2%2Fcategories&post=1024"},{"taxonomy":"post_tag","embeddable":true,"href":"https:\/\/fgsuroccidente.net\/index.php?rest_route=%2Fwp%2Fv2%2Ftags&post=1024"}],"curies":[{"name":"wp","href":"https:\/\/api.w.org\/{rel}","templated":true}]}}