{"id":1560,"date":"2026-09-01T17:44:58","date_gmt":"2026-09-01T22:44:58","guid":{"rendered":"https:\/\/fgsuroccidente.net\/?p=1560"},"modified":"2026-09-01T17:45:11","modified_gmt":"2026-09-01T22:45:11","slug":"cultura-e-imaginarios-creados-abelardo-el-escamoso","status":"publish","type":"post","link":"https:\/\/fgsuroccidente.net\/?p=1560","title":{"rendered":"CULTURA E IMAGINARIOS CREADOS, ABELARDO \u201cEL ESCAMOSO\u201d"},"content":{"rendered":"\n<blockquote class=\"wp-block-quote is-layout-flow wp-block-quote-is-layout-flow\">\n<p class=\"wp-block-paragraph\"><em><strong>Comando Central (COCE)<\/strong><\/em><\/p>\n<\/blockquote>\n\n\n\n<p class=\"wp-block-paragraph\"><em>La extrema derecha ha iniciado un proceso de imposici\u00f3n cultural, como toda imposici\u00f3n, a la fuerza y con m\u00e9todos tramposos.<\/em><\/p>\n\n\n\n<p class=\"wp-block-paragraph\">El presidente farsante es abiertamente incompetente e incapaz para ese cargo, pero puede representar el tipo de personaje que se requiere, para inocular una idea por v\u00eda de la incidencia y manipulaci\u00f3n, a trav\u00e9s de las empresas de comunicaci\u00f3n, redes virtuales y aparatos ideol\u00f3gicos que hoy est\u00e1n aceitados para que funcionen.<\/p>\n\n\n\n<p class=\"wp-block-paragraph\">De la Espriella no habr\u00e1 le\u00eddo a Gramsci y seguramente su pr\u00e1ctica lectora sea bastante poca. Pero quienes lo manejan, s\u00ed. Detr\u00e1s, o por encima suyo, est\u00e1n los verdaderos manejadores: la plutocracia de los Estados Unidos, que es la que traza la pol\u00edtica del imperio e intenta frenar su ca\u00edda, so pena de arrasar con lo que m\u00e1s pueda, el mundo si es preciso.<\/p>\n\n\n\n<p class=\"wp-block-paragraph\">Parece que con la llegada de este espurio personaje y la relaci\u00f3n inevitable con otros similares a \u00e9l, que tambi\u00e9n gobiernan en el vecindario latinoamericano, algunos sectores han empezado a ver el monstruo cultural, que Estados Unidos y las oligarqu\u00edas criollas y cipayas vienen tratando de cimentar. El llamado neofascismo que hace algunos a\u00f1os empez\u00f3 a expresarse con fuerza en Europa y que por v\u00eda de la imposici\u00f3n imperialista intenta diseminar en nuestra Am\u00e9rica.<\/p>\n\n\n\n<p class=\"wp-block-paragraph\">En Colombia, el proceso de construcci\u00f3n de narrativas e idearios fascistoides, hace rato vienen instal\u00e1ndose en la sociedad. La tragedia de los carteles del narcotr\u00e1fico y sus capos fue vendida como \u201cEl Patr\u00f3n\u201d. Hasta la barbarie del paramilitarismo fue llevada a la pantalla para vender una historia falsa, sensibilizando y humanizando la bestialidad paramilitar y narcotraficante. Sin embargo, siempre tan sui generis, en el pa\u00eds el referente hist\u00f3rico inmediato de la juventud, es la rebeld\u00eda del Estallido Social de 2021. Incluso la llegada al poder por primera vez en la historia de un presidente con acento popular, esa es una esperanza.<\/p>\n\n\n\n<p class=\"wp-block-paragraph\">Ese momento hist\u00f3rico prendi\u00f3 las alarmas en el imperio, que inmediatamente empez\u00f3 a \u2018apretar las tuercas\u2019 que fueran necesarias. La primera de ellas, descalificar al presidente progresista, a la izquierda y cualquier expresi\u00f3n popular y rebelde. La f\u00e1brica de consentimiento trabaj\u00f3 como nunca antes para inventar, deslegitimar y manipular mentes, en funci\u00f3n de impedir el ascenso de esa conciencia popular de clase, que se manifest\u00f3 en 2021.<\/p>\n\n\n\n<p class=\"wp-block-paragraph\">Poner presidentes lo han hecho siempre; lo importante aqu\u00ed era no dejar crecer la conciencia de cambio y la vocaci\u00f3n de poder desde el pueblo. En ello era importante retomar el simb\u00f3lico cargo de presidente, que, m\u00e1s all\u00e1 de tener poder, logra tener mucha opini\u00f3n; al fin y al cabo, funge como representante del pa\u00eds. Desde esa posici\u00f3n ahora siguen trabajando por la imposici\u00f3n cultural, desprovistos de figuras relevantes, fascistas serios o serias; han echado mano de una peligrosa narrativa trabajada desde hace a\u00f1os.&nbsp; Cabe recordar que, como su nombre lo dice, los conservadores no innovan, ellos conservan, imitan, refritan; entonces vuelven a la ley del estafador, el vividor, el de la plata f\u00e1cil, el mentiroso \u2018echao pa\u2019lante\u2019.<\/p>\n\n\n\n<p class=\"wp-block-paragraph\">Incluso antes de las apestosas narrativas de la cultura traqueta, ya nos vend\u00edan bonachones personajes que eran verdaderos representantes de una cultura que los capitalistas le inoculan a las mayor\u00edas empobrecidas. Pedro \u201cel escamoso\u201d, por poner un ejemplo, un sujeto pobre, agrandado, mentiroso, mujeriego, vividor, pero un \u2018bacan\u2019.<\/p>\n\n\n\n<p class=\"wp-block-paragraph\">Ahora bien, la verdadera representaci\u00f3n de esos simbolismos no es otra cosa que el arribismo, el individualismo y el patriarcado, expresiones intr\u00ednsecas al modelo capitalista criminal, que somete al hambre a pa\u00edses enteros y transmite genocidios.<\/p>\n\n\n\n<p class=\"wp-block-paragraph\">Esas son las caracter\u00edsticas de personajes como el impuesto presidente de Colombia, un criminal cuyas actividades han sido referenciadas como fraudulentas, que se ha arrodillado en toda la escala de representaciones del poder: arrodillado a los paramilitares de las AUC, arrodillado a los narcotraficantes y arrodillado a la plutocracia de los Estados Unidos, hasta que encontr\u00f3 su protagonismo en la desesperada necesidad de un t\u00edtere de esa condici\u00f3n.<\/p>\n\n\n\n<p class=\"wp-block-paragraph\">Detr\u00e1s de Abelardo, el farsante, hay una verborrea ret\u00f3rica que puede ser hasta graciosa. El peligro es que detr\u00e1s de ese parapeto hay un imperio necesitado de recursos de manera voraz. Y una derecha cipaya dispuesta a cumplir los deseos de su rey y posar de salvadora. De nuevo, el cuento de los mostrencos que surgen a la sombra de traicionar, para creerse cercanos al poder.<\/p>\n\n\n\n<p class=\"wp-block-paragraph\">En toda esta intenci\u00f3n, las empresas de comunicaci\u00f3n y las \u2018cloacas virtuales\u2019 son los pilares fundamentales, el lugar perfecto para la falsedad an\u00f3nima; basta ver el caso Cerimedo con sus granjas de bots, simulando opiniones y manipulando mentes. Ahora bien, detr\u00e1s de cada micr\u00f3fono en esas emisoras de la manipulaci\u00f3n, hay sujetos de carne y hueso, que han decidido actuar como sicarios de la verdad.<\/p>\n\n\n\n<p class=\"wp-block-paragraph\">Es el momento de regresar con m\u00e1s fuerza y derrotar a los criminales, que pretenden devolver a Colombia a los tiempos del fascismo criollo. Urge identificar a los promulgadores e instigadores del destripamiento contra el pueblo, influencers y opinadores a sueldo, funcionarios locales, regionales y nacionales. Es momento de que sea el pueblo el que tome las riendas y nos dispongamos a luchar por la vida y el futuro del pa\u00eds.<\/p>\n\n\n\n<p class=\"wp-block-paragraph\">Queda claro que es necesaria la renovaci\u00f3n de caudillos engre\u00eddos y movimientos acostumbrados a pactar con el enemigo. Debe ser desde una condici\u00f3n popular: j\u00f3venes, mujeres, campesinos, ind\u00edgenas, trabajadores, pueblo todo y en funci\u00f3n de las mayor\u00edas.<\/p>\n","protected":false},"excerpt":{"rendered":"<p>Comando Central (COCE) La extrema derecha ha iniciado un proceso de imposici\u00f3n cultural, como toda imposici\u00f3n, a la fuerza y con m\u00e9todos tramposos. El presidente farsante es abiertamente incompetente e incapaz para ese cargo, pero puede representar el tipo de personaje que se requiere, para inocular una idea por v\u00eda <a href=\"https:\/\/fgsuroccidente.net\/?p=1560\" class=\"btn-link\">Seguir leyendo<i class=\"ion-ios-arrow-right\"><\/i><\/a><\/p>\n","protected":false},"author":2,"featured_media":1561,"comment_status":"closed","ping_status":"open","sticky":false,"template":"","format":"standard","meta":{"footnotes":""},"categories":[4,17],"tags":[],"class_list":["post-1560","post","type-post","status-publish","format-standard","has-post-thumbnail","hentry","category-coce","category-insurreccion"],"_links":{"self":[{"href":"https:\/\/fgsuroccidente.net\/index.php?rest_route=\/wp\/v2\/posts\/1560","targetHints":{"allow":["GET"]}}],"collection":[{"href":"https:\/\/fgsuroccidente.net\/index.php?rest_route=\/wp\/v2\/posts"}],"about":[{"href":"https:\/\/fgsuroccidente.net\/index.php?rest_route=\/wp\/v2\/types\/post"}],"author":[{"embeddable":true,"href":"https:\/\/fgsuroccidente.net\/index.php?rest_route=\/wp\/v2\/users\/2"}],"replies":[{"embeddable":true,"href":"https:\/\/fgsuroccidente.net\/index.php?rest_route=%2Fwp%2Fv2%2Fcomments&post=1560"}],"version-history":[{"count":1,"href":"https:\/\/fgsuroccidente.net\/index.php?rest_route=\/wp\/v2\/posts\/1560\/revisions"}],"predecessor-version":[{"id":1562,"href":"https:\/\/fgsuroccidente.net\/index.php?rest_route=\/wp\/v2\/posts\/1560\/revisions\/1562"}],"wp:featuredmedia":[{"embeddable":true,"href":"https:\/\/fgsuroccidente.net\/index.php?rest_route=\/wp\/v2\/media\/1561"}],"wp:attachment":[{"href":"https:\/\/fgsuroccidente.net\/index.php?rest_route=%2Fwp%2Fv2%2Fmedia&parent=1560"}],"wp:term":[{"taxonomy":"category","embeddable":true,"href":"https:\/\/fgsuroccidente.net\/index.php?rest_route=%2Fwp%2Fv2%2Fcategories&post=1560"},{"taxonomy":"post_tag","embeddable":true,"href":"https:\/\/fgsuroccidente.net\/index.php?rest_route=%2Fwp%2Fv2%2Ftags&post=1560"}],"curies":[{"name":"wp","href":"https:\/\/api.w.org\/{rel}","templated":true}]}}