{"id":1563,"date":"2026-09-03T17:45:24","date_gmt":"2026-09-03T22:45:24","guid":{"rendered":"https:\/\/fgsuroccidente.net\/?p=1563"},"modified":"2026-09-01T17:47:53","modified_gmt":"2026-09-01T22:47:53","slug":"javier-giraldo-hasta-siempre-y-hasta-pronto","status":"publish","type":"post","link":"https:\/\/fgsuroccidente.net\/?p=1563","title":{"rendered":"JAVIER GIRALDO, HASTA SIEMPRE Y HASTA PRONTO"},"content":{"rendered":"\n<blockquote class=\"wp-block-quote is-layout-flow wp-block-quote-is-layout-flow\">\n<p class=\"wp-block-paragraph\"><em><strong>Francisca Tierradentro<\/strong><\/em><\/p>\n<\/blockquote>\n\n\n\n<p class=\"wp-block-paragraph\"><em>Quedamos en deuda con Javier. Estamos todav\u00eda a tiempo de abonar algo de la misma. No frente a \u00e9l, humildad encarnada. No nos pedir\u00eda nada para s\u00ed, ni actos heroicos o desesperados.<\/em><\/p>\n\n\n\n<p class=\"wp-block-paragraph\">Ni siquiera se trata ya frente a un pa\u00eds: no cabe pagar en una moneda descontinuada en un territorio anegado. Es ahora la humanidad y la Tierra o Casa Com\u00fan toda, por la que \u00e9l luch\u00f3, en sus dimensiones may\u00fasculas, hogar desolado donde estamos emplazadas.<\/p>\n\n\n\n<p class=\"wp-block-paragraph\">As\u00ed fue: trascendi\u00f3 Colombia, super\u00f3 una demarcaci\u00f3n de naciones y culturas. Puso a los pueblos en el centro, con sus fuerzas y debilidades. Y en esa pregunta de qu\u00e9 hacer, desde su perspectiva, sin imponer un \u00e1pice nunca, dio testimonio de Cristo. Como dio tambi\u00e9n fe sobre Camilo.<\/p>\n\n\n\n<p class=\"wp-block-paragraph\">Javier Giraldo Moreno, jesuita, sacerdote compa\u00f1ero, ha partido a la eternidad. Conoci\u00f3 a Camilo, indag\u00f3 por sus rastros, le sigui\u00f3 observando en la huella profunda, que marcar\u00eda no s\u00f3lo un quiebre en la b\u00fasqueda del creyente, como lo hizo la Teolog\u00eda de la Liberaci\u00f3n, sino en otros terrenos contiguos del conocimiento y la praxis social y pol\u00edtica.<\/p>\n\n\n\n<p class=\"wp-block-paragraph\">Fue lo que nos ense\u00f1\u00f3 en los ya lejanos a\u00f1os setenta, cuando fue Llama Viva en la proyecci\u00f3n de los aprendizajes de Golconda, junto a Ren\u00e9 Garc\u00eda y monse\u00f1or Valencia Cano, como en SAL (Sacerdotes para Am\u00e9rica Latina).<\/p>\n\n\n\n<p class=\"wp-block-paragraph\">Siempre fue respetuoso de las opciones meditadas, del di\u00e1logo para contrastar alternativas, de las decisiones que algunas tomamos, como fue marchar a la guerrilla del ELN. Como lo hicimos con Mar\u00eda Luisa, Pilar, Marga, Clarita y otras compa\u00f1eras religiosas, algunas espa\u00f1olas. Siempre puso en alto el papel de las mujeres en las luchas de liberaci\u00f3n.<\/p>\n\n\n\n<p class=\"wp-block-paragraph\">Recuerdo sus profundos discernimientos no s\u00f3lo teol\u00f3gicos sino pol\u00edticos y tambi\u00e9n psicol\u00f3gicos y sociol\u00f3gicos, como un callado disc\u00edpulo de Camilo, en los barrios del sur de Bogot\u00e1, entre la necesaria mara\u00f1a de reuniones clandestinas, como nos toc\u00f3 hacerlo para mantener esfuerzos organizativos y nuestra vida de militancias.<\/p>\n\n\n\n<p class=\"wp-block-paragraph\">Supe de su ida a Par\u00eds para estudiar y c\u00f3mo all\u00e1 coincidi\u00f3 con exiliados nuestros, en la \u00e9poca en la que Colombia fue conocida por la tortura y el cinismo de los poderes represores, que desde entonces, al comenzar los ochenta, aprendieron a disfrazar mucho m\u00e1s, lo que Javier llam\u00f3 la \u2018Democracia Genocida\u2019 (recuerdo leer su ensayo hace a\u00f1os en Barcelona).<\/p>\n\n\n\n<p class=\"wp-block-paragraph\">Su toma de contacto all\u00ed, como pas\u00f3 tambi\u00e9n con Camilo, fue definitiva, sin retrocesos, sin especulaciones, sintiendo y reflexionando acerca de las realidades semejantes en distintos continentes, acrecentando no s\u00f3lo su conocimiento, sino su compromiso para obrar consecuentemente. Teji\u00f3 en su alma y su raz\u00f3n a Palestina, la Declaraci\u00f3n de Argel, las luchas por la descolonizaci\u00f3n y contra el apartheid. Estudi\u00f3 sobre la voracidad de las multinacionales, la barbarie del imperialismo, el criminal transcurso de los Estados Unidos, y tambi\u00e9n c\u00f3mo ya algunas propuestas de contrapoder comenzaban a errar por sectarismos y a no entender una perspectiva socialista m\u00e1s abierta.<\/p>\n\n\n\n<p class=\"wp-block-paragraph\">Su retorno a Colombia para hacerse cargo de tareas centrales en la defensa de derechos en el CINEP est\u00e1 documentado. En estos d\u00edas se reconstruye en muchas p\u00e1ginas, c\u00f3mo fue el pionero de metodolog\u00edas y procesos, su animador, quien organiz\u00f3 a madres de desaparecidos, a familiares de presos pol\u00edticos, a v\u00edctimas de persecuci\u00f3n, junto a sus compa\u00f1eros de lucha, religiosos o no, pero s\u00ed camilistas, como Uma\u00f1a Mendoza y su padre, parientes de Camilo, abogados de muchas de nosotras.<\/p>\n\n\n\n<p class=\"wp-block-paragraph\">Le volv\u00ed a ver a Javier clandestinamente en Bogot\u00e1, durante la sesi\u00f3n del Tribunal de los Pueblos acerca de la impunidad de cr\u00edmenes de lesa humanidad (1989) y unos meses despu\u00e9s saliendo de Bucaramanga, en 1990, cuando nos ayud\u00f3 a localizar el cuerpo torturado y baleado del comandante Juan Fernando Porras, desaparecido por el Ej\u00e9rcito.<\/p>\n\n\n\n<p class=\"wp-block-paragraph\">Al estar comisionada en esas zonas varios a\u00f1os, supe de su trabajo de formaci\u00f3n de defensores de Derechos Humanos, de c\u00f3mo cre\u00f3 albergues campesinos, denunci\u00f3 la podredumbre de los militares, el paramilitarismo y sus estrategias, c\u00f3mo en el Chucur\u00ed, donde muri\u00f3 Camilo, tomado palmo a palmo por el terrorismo de Estado.<\/p>\n\n\n\n<p class=\"wp-block-paragraph\">Se\u00f1al\u00f3 la complicidad de los civiles en cargos; la indolencia de los funcionarios que deb\u00edan investigar. Escuchamos tambi\u00e9n sus severas cr\u00edticas por errores nuestros. Nos llam\u00f3 a enmendar. Aprendimos de su fidelidad al Evangelio, de su integridad moral e intelectual. Donde estaba Javier hab\u00eda no s\u00f3lo lealtad y apertura, sino rigurosidad y horizontalidad, sin jerarqu\u00edas, con su sonrisa, su modestia y su radicalidad.<\/p>\n\n\n\n<p class=\"wp-block-paragraph\">Pasaron muchos a\u00f1os, m\u00e1s de dos d\u00e9cadas sin verle, hasta cuando un d\u00eda nos topamos en una librer\u00eda en Bogot\u00e1. Le vi acercarse desde el ventanal. Cerca de los setenta a\u00f1os, con esperanzas todav\u00eda a cuestas, nos hallamos en un abrazo que hoy recuerdo. Iba solo, caminaba como un ave que pese a estar en la mira del r\u00e9gimen, se detiene a contemplar las ramas y los brotes de la vida sencilla, sin miedo a la muerte.<\/p>\n\n\n\n<p class=\"wp-block-paragraph\">Confiado en las luchas del pueblo, en la legitimidad de las rebeld\u00edas, sab\u00eda que sin pausas deb\u00eda dejar una mesa lista. Donde otras y otros deben preparar respuestas. Hoy reposan en ella no s\u00f3lo sus docenas de libros hechos con di\u00e1fana sabidur\u00eda, sus reflexiones lit\u00fargicas, sus meditaciones, los expedientes, las demostraciones sobre los manuales de la doctrina criminal del Estado colombiano, el perverso papel de los medios de comunicaci\u00f3n del sistema, los fallidos procesos de paz, sobre la injusticia de pagar la Deuda Externa, sobre el reciclaje paramilitar, la memoria hist\u00f3rica, acerca del derecho a la rebeli\u00f3n y sus obligaciones \u00e9ticas, su objeci\u00f3n al sionismo, sino los sue\u00f1os de una universidad popular, de la interacci\u00f3n de emancipaciones truncadas necesitadas de una actualizaci\u00f3n, para su eficacia en un mundo destrozado.<\/p>\n\n\n\n<p class=\"wp-block-paragraph\">\u00bfQu\u00e9 habr\u00e1 pensado estos meses Javier sobre el espanto del gobierno presente y las amenazas de destriparnos? Se opondr\u00eda a toda forma de contemplaci\u00f3n, pasividad y normalizaci\u00f3n del fascismo. Que no podemos dejar que se consolide. Que hay un problema de tiempo y espacio, de responsabilidad \u00e9tica. No fue un defensor institucionalizado de unos Derechos Humanos vaciados de resistencias. Nos invitar\u00eda a emprender una ruptura y una constancia vehemente, a estar en las Primeras L\u00edneas, como nos lo ense\u00f1\u00f3.<\/p>\n\n\n\n<p class=\"wp-block-paragraph\">Supe de su decepci\u00f3n con el \u00faltimo presidente, como lo expres\u00f3 -me cuentan que con gran pesar- al saber que la sotana de Camilo fue convertida en reh\u00e9n y trofeo. Nos dir\u00eda de nuevo: ver lo aut\u00e9ntico, dar testimonio, actuar con la verdad, enfrentar, transformar. Apuntar\u00eda a la coherencia en todo momento.<\/p>\n\n\n\n<p class=\"wp-block-paragraph\">Puedo, con cierto pudor o verg\u00fcenza, compartir lo que con el pulso de su mirada me dijo en el rinc\u00f3n del caf\u00e9, en aquella librer\u00eda al despedirnos, y s\u00f3lo ahora comprendo: junto a un \u00a1gracias!, que ser\u00eda por el tinto y un librito que le regal\u00e9, sopl\u00f3: \u00abno abandones\u00bb. A mis ochenta y tanto ya pronto debo hacerlo. S\u00e9 a qu\u00e9 se refer\u00eda. No hay renuncia Javier. Con seres como t\u00fa, como Camilo y Manuel, como Diego Crist\u00f3bal o M\u00f3nica, como Bernardo y Antonia, el r\u00edo de la vida llega sereno al final donde comenzamos (como las cenizas tuyas lo har\u00e1n; as\u00ed lo pediste), donde nos espera solamente la dignidad de lo luchado y defendido.<\/p>\n\n\n\n<p class=\"wp-block-paragraph\">\u00a1Gracias!, \u00a1gracias, Javier!<\/p>\n","protected":false},"excerpt":{"rendered":"<p>Francisca Tierradentro Quedamos en deuda con Javier. Estamos todav\u00eda a tiempo de abonar algo de la misma. No frente a \u00e9l, humildad encarnada. No nos pedir\u00eda nada para s\u00ed, ni actos heroicos o desesperados. Ni siquiera se trata ya frente a un pa\u00eds: no cabe pagar en una moneda descontinuada <a href=\"https:\/\/fgsuroccidente.net\/?p=1563\" class=\"btn-link\">Seguir leyendo<i class=\"ion-ios-arrow-right\"><\/i><\/a><\/p>\n","protected":false},"author":2,"featured_media":1564,"comment_status":"closed","ping_status":"open","sticky":false,"template":"","format":"standard","meta":{"footnotes":""},"categories":[1],"tags":[],"class_list":["post-1563","post","type-post","status-publish","format-standard","has-post-thumbnail","hentry","category-manuelvasquez"],"_links":{"self":[{"href":"https:\/\/fgsuroccidente.net\/index.php?rest_route=\/wp\/v2\/posts\/1563","targetHints":{"allow":["GET"]}}],"collection":[{"href":"https:\/\/fgsuroccidente.net\/index.php?rest_route=\/wp\/v2\/posts"}],"about":[{"href":"https:\/\/fgsuroccidente.net\/index.php?rest_route=\/wp\/v2\/types\/post"}],"author":[{"embeddable":true,"href":"https:\/\/fgsuroccidente.net\/index.php?rest_route=\/wp\/v2\/users\/2"}],"replies":[{"embeddable":true,"href":"https:\/\/fgsuroccidente.net\/index.php?rest_route=%2Fwp%2Fv2%2Fcomments&post=1563"}],"version-history":[{"count":1,"href":"https:\/\/fgsuroccidente.net\/index.php?rest_route=\/wp\/v2\/posts\/1563\/revisions"}],"predecessor-version":[{"id":1565,"href":"https:\/\/fgsuroccidente.net\/index.php?rest_route=\/wp\/v2\/posts\/1563\/revisions\/1565"}],"wp:featuredmedia":[{"embeddable":true,"href":"https:\/\/fgsuroccidente.net\/index.php?rest_route=\/wp\/v2\/media\/1564"}],"wp:attachment":[{"href":"https:\/\/fgsuroccidente.net\/index.php?rest_route=%2Fwp%2Fv2%2Fmedia&parent=1563"}],"wp:term":[{"taxonomy":"category","embeddable":true,"href":"https:\/\/fgsuroccidente.net\/index.php?rest_route=%2Fwp%2Fv2%2Fcategories&post=1563"},{"taxonomy":"post_tag","embeddable":true,"href":"https:\/\/fgsuroccidente.net\/index.php?rest_route=%2Fwp%2Fv2%2Ftags&post=1563"}],"curies":[{"name":"wp","href":"https:\/\/api.w.org\/{rel}","templated":true}]}}