{"id":594,"date":"2024-03-26T13:36:00","date_gmt":"2024-03-26T18:36:00","guid":{"rendered":"https:\/\/fgsuroccidente.net\/?p=594"},"modified":"2024-03-21T13:45:15","modified_gmt":"2024-03-21T18:45:15","slug":"mujeres-en-la-guerra-comandante-carolina-del-frente-de-guerra-suroccidental-parte-2","status":"publish","type":"post","link":"https:\/\/fgsuroccidente.net\/?p=594","title":{"rendered":"Mujeres En La Guerra \/ Comandante Carolina del Frente De Guerra Suroccidental PARTE # 2"},"content":{"rendered":"\n<p>En el a\u00f1o 2014, continu\u00f3 con su labor revolucionaria ubic\u00e1ndose en un trabajo pol\u00edtico-social sobre el r\u00edo Guapi (Cauca), gan\u00e1ndose el aprecio de las comunidades raizales y sus familias extendidas en esa<br>abandonada zona del pa\u00eds, rica en recursos naturales, biodiversidad, agua, pero sobre todo, en el trabajo y la cultura de sus gentes.<\/p>\n\n\n\n<p> Carolina construy\u00f3 junto a los concejos comunitarios, respetando su auto-<br>nom\u00eda, aprendiendo de ellos y ense\u00f1ando. En 2015 particip\u00f3 en una reuni\u00f3n interna nacional de masas, como delegada del Frente de Guerra Sur Occidental Carlos Alberto Troches. En d\u00edas seguidos hizo<br>parte de una reuni\u00f3n con el Frente de Guerra donde estructuraron el plan de trabajo para el amplio territorio suroccidental, ajust\u00e1ndolo de acuerdo a los nuevos lineamientos del reciente V Congreso del ELN.<\/p>\n\n\n\n<p>A comienzos del 2016, la operatividad enemiga se profundiz\u00f3 en esas zonas del Pac\u00edfico sur, llegando un operativo al r\u00edo Guapi. El grupo de la compa\u00f1era Carolina fue detectado a orillas del r\u00edo. El Ej\u00e9rcito<br>trat\u00f3 de cercarlos, por eso se dividieron en el repliegue. La comandante sal\u00edo r\u00edo abajo y en un momento fue alcanzada por el fuego de artiller\u00eda enemiga, quedando su cuerpo sobre el r\u00edo que la hab\u00eda visto llegar con su sonrisa. Esto sucedi\u00f3 en la vereda Santa Ana del municipio Guapi, Cauca.<\/p>\n\n\n\n<p>Acerca de estos duros momentos nos comenta Pablito:<br>\u201cEn el 2014, estando en la misma regi\u00f3n del Pac\u00edfico caucano, se traslad\u00f3 de sitio hacia el r\u00edo Guapi, ah\u00ed fue donde muri\u00f3 en la primera semana de febrero de 2016, no recuerdo el d\u00eda. Su comportamiento<br>con la gente era \u00fanico, muy familiar no dejaba pasar una fecha de cumplea\u00f1os o de otro motivo que no lo recordara, era muy detallista y con migo era algo muy especial, paz en su tumba\u201d (Entrevista a Pablito, junio de 2021). <\/p>\n\n\n\n<p>Sobre esos mismos hechos Peter nos dice: \u201cEn el 2017, me encontr\u00e9 con el compa\u00f1ero R, quien hab\u00eda sido compa\u00f1ero de ella justo para la fecha de su partida f\u00edsica. \u00c9l me cuenta que estando juntos, los sorprende el enemigo a balazos, \u00e9l sale herido por un lado y Carolina corre hacia el r\u00edo y no supo m\u00e1s de ella. Que \u00e9l, despu\u00e9s de varios d\u00edas de penuria, con la herida cerca al ombligo infectada, con gusanos, llega a una base donde le ayudan y empiezan a atenderlo con unas compa\u00f1eras de salud\u201d (Entrevista a Peter, militante eleno 2022).<\/p>\n\n\n\n<p><br>La Comandante Carolina esta entre los guerreros y guerreras que como la Gaitanaenarbolaron la bandera de la dignidad para sus pueblos, ahora es una de nuestras grandes hero\u00ednas como Omaira Montoya,a Comandante Paola, las dos marianas, la Chiqui, la Comandante Yesenia\u2026<\/p>\n","protected":false},"excerpt":{"rendered":"<p>En el a\u00f1o 2014, continu\u00f3 con su labor revolucionaria ubic\u00e1ndose en un trabajo pol\u00edtico-social sobre el r\u00edo Guapi (Cauca), gan\u00e1ndose el aprecio de las comunidades raizales y sus familias extendidas en esaabandonada zona del pa\u00eds, rica en recursos naturales, biodiversidad, agua, pero sobre todo, en el trabajo y la cultura <a href=\"https:\/\/fgsuroccidente.net\/?p=594\" class=\"btn-link\">Seguir leyendo<i class=\"ion-ios-arrow-right\"><\/i><\/a><\/p>\n","protected":false},"author":1,"featured_media":583,"comment_status":"closed","ping_status":"open","sticky":false,"template":"","format":"standard","meta":{"footnotes":""},"categories":[14,6,11,13],"tags":[],"class_list":["post-594","post","type-post","status-publish","format-standard","has-post-thumbnail","hentry","category-comandancia","category-frentes-guerrilleros","category-genero","category-mujeres-en-la-guerra"],"_links":{"self":[{"href":"https:\/\/fgsuroccidente.net\/index.php?rest_route=\/wp\/v2\/posts\/594","targetHints":{"allow":["GET"]}}],"collection":[{"href":"https:\/\/fgsuroccidente.net\/index.php?rest_route=\/wp\/v2\/posts"}],"about":[{"href":"https:\/\/fgsuroccidente.net\/index.php?rest_route=\/wp\/v2\/types\/post"}],"author":[{"embeddable":true,"href":"https:\/\/fgsuroccidente.net\/index.php?rest_route=\/wp\/v2\/users\/1"}],"replies":[{"embeddable":true,"href":"https:\/\/fgsuroccidente.net\/index.php?rest_route=%2Fwp%2Fv2%2Fcomments&post=594"}],"version-history":[{"count":1,"href":"https:\/\/fgsuroccidente.net\/index.php?rest_route=\/wp\/v2\/posts\/594\/revisions"}],"predecessor-version":[{"id":595,"href":"https:\/\/fgsuroccidente.net\/index.php?rest_route=\/wp\/v2\/posts\/594\/revisions\/595"}],"wp:featuredmedia":[{"embeddable":true,"href":"https:\/\/fgsuroccidente.net\/index.php?rest_route=\/wp\/v2\/media\/583"}],"wp:attachment":[{"href":"https:\/\/fgsuroccidente.net\/index.php?rest_route=%2Fwp%2Fv2%2Fmedia&parent=594"}],"wp:term":[{"taxonomy":"category","embeddable":true,"href":"https:\/\/fgsuroccidente.net\/index.php?rest_route=%2Fwp%2Fv2%2Fcategories&post=594"},{"taxonomy":"post_tag","embeddable":true,"href":"https:\/\/fgsuroccidente.net\/index.php?rest_route=%2Fwp%2Fv2%2Ftags&post=594"}],"curies":[{"name":"wp","href":"https:\/\/api.w.org\/{rel}","templated":true}]}}