{"id":884,"date":"2025-01-20T19:53:31","date_gmt":"2025-01-21T00:53:31","guid":{"rendered":"https:\/\/fgsuroccidente.net\/?p=884"},"modified":"2025-07-01T19:55:52","modified_gmt":"2025-07-02T00:55:52","slug":"no-borrar-la-verdad","status":"publish","type":"post","link":"https:\/\/fgsuroccidente.net\/?p=884","title":{"rendered":"NO BORRAR LA VERDAD"},"content":{"rendered":"\n<blockquote class=\"wp-block-quote is-layout-flow wp-block-quote-is-layout-flow\">\n<p><em><strong>Comando Central (COCE)<\/strong><\/em><\/p>\n<\/blockquote>\n\n\n\n<p><em>En Medell\u00edn por una alcaldada borraron el mural que denuncia la Fosa Com\u00fan de La Escombrera, en Tib\u00fa masacraron a una familia y enseguida el gobierno asumi\u00f3 la defensa de los perpetradores, esto comprueba que \u201cla verdad es la primera v\u00edctima en toda guerra\u201d.<\/em><\/p>\n\n\n\n<p>El alcalde de Medell\u00edn, Fico Guti\u00e9rrez, dijo que hab\u00eda borrado el mural de las Madres Buscadoras de la Fosa Com\u00fan de La Escombrera, para mantener limpia y bonita la ciudad, y que la verdad que revela el mural genera caos, y la pone fea y sucia. As\u00ed como es un deber denunciar la limpieza \u00e9tnica, habr\u00eda que denunciar esta \u201climpieza\u201d, que es un intento de borrar la verdad y la memoria, para ocultar los cr\u00edmenes perpetrados en el Gobierno de Uribe (2002-2010), como el de la Operaci\u00f3n Ori\u00f3n, cuando militares y paramilitares, escondieron en La escombrera, miles de cad\u00e1veres de j\u00f3venes que asesinaron en la Comuna 13. De inmediato, otro seguidor de Uribe, venenoso en el uso del micr\u00f3fono, se dio a la tarea de calumniar a las Madres Buscadoras, para proseguir con el borrado.<\/p>\n\n\n\n<p>El pasado mi\u00e9rcoles 15, saliendo de Tib\u00fa, masacraron a una familia y para investigar este crimen, varias unidades del ELN siguieron los rastros de los perpetradores, encontr\u00e1ndose con dos sorpresas, la primera es que los asesinos pertenecen a las llamadas disidencias de las extintas Farc y la segunda, es que dentro de tales disidencias se encuentran varios de quienes asumieron la desmovilizaci\u00f3n en 2016, pero que se han rearmado e integrado a este grupo llamado frente 33. Los choques con este grupo estallaron el jueves 16, pero otra vez aparecieron los del uso venenoso del micr\u00f3fono, presentando a estas disidencias como pac\u00edficos firmantes de paz, que estaban siendo agredidos por el ELN. Esta \u2018niebla de guerra\u2019, que no permite distinguir lo que est\u00e1 ocurriendo, envolvi\u00f3 al Gobierno, quien el viernes 17 culp\u00f3 al ELN de los enfrentamientos y anunci\u00f3 la suspensi\u00f3n de la ya debilitada Mesa de Di\u00e1logos de Paz con el ELN.<\/p>\n\n\n\n<p>Unos persiguen a quienes luchan por la verdad, para que no haya justicia y para no asumir compromisos de que Nunca M\u00e1s van a repetir los cr\u00edmenes que denuncian las v\u00edctimas; otros ocultan la verdad para dar la impresi\u00f3n de que las pol\u00edticas de paz del Gobierno si le van a servir al pa\u00eds, pero a la larga la lucha de los de abajo, terminar\u00e1 por sacar a flote la verdad.<\/p>\n","protected":false},"excerpt":{"rendered":"<p>Comando Central (COCE) En Medell\u00edn por una alcaldada borraron el mural que denuncia la Fosa Com\u00fan de La Escombrera, en Tib\u00fa masacraron a una familia y enseguida el gobierno asumi\u00f3 la defensa de los perpetradores, esto comprueba que \u201cla verdad es la primera v\u00edctima en toda guerra\u201d. El alcalde de <a href=\"https:\/\/fgsuroccidente.net\/?p=884\" class=\"btn-link\">Seguir leyendo<i class=\"ion-ios-arrow-right\"><\/i><\/a><\/p>\n","protected":false},"author":2,"featured_media":885,"comment_status":"closed","ping_status":"open","sticky":false,"template":"","format":"standard","meta":{"footnotes":""},"categories":[4,17],"tags":[],"class_list":["post-884","post","type-post","status-publish","format-standard","has-post-thumbnail","hentry","category-coce","category-insurreccion"],"_links":{"self":[{"href":"https:\/\/fgsuroccidente.net\/index.php?rest_route=\/wp\/v2\/posts\/884","targetHints":{"allow":["GET"]}}],"collection":[{"href":"https:\/\/fgsuroccidente.net\/index.php?rest_route=\/wp\/v2\/posts"}],"about":[{"href":"https:\/\/fgsuroccidente.net\/index.php?rest_route=\/wp\/v2\/types\/post"}],"author":[{"embeddable":true,"href":"https:\/\/fgsuroccidente.net\/index.php?rest_route=\/wp\/v2\/users\/2"}],"replies":[{"embeddable":true,"href":"https:\/\/fgsuroccidente.net\/index.php?rest_route=%2Fwp%2Fv2%2Fcomments&post=884"}],"version-history":[{"count":1,"href":"https:\/\/fgsuroccidente.net\/index.php?rest_route=\/wp\/v2\/posts\/884\/revisions"}],"predecessor-version":[{"id":886,"href":"https:\/\/fgsuroccidente.net\/index.php?rest_route=\/wp\/v2\/posts\/884\/revisions\/886"}],"wp:featuredmedia":[{"embeddable":true,"href":"https:\/\/fgsuroccidente.net\/index.php?rest_route=\/wp\/v2\/media\/885"}],"wp:attachment":[{"href":"https:\/\/fgsuroccidente.net\/index.php?rest_route=%2Fwp%2Fv2%2Fmedia&parent=884"}],"wp:term":[{"taxonomy":"category","embeddable":true,"href":"https:\/\/fgsuroccidente.net\/index.php?rest_route=%2Fwp%2Fv2%2Fcategories&post=884"},{"taxonomy":"post_tag","embeddable":true,"href":"https:\/\/fgsuroccidente.net\/index.php?rest_route=%2Fwp%2Fv2%2Ftags&post=884"}],"curies":[{"name":"wp","href":"https:\/\/api.w.org\/{rel}","templated":true}]}}