{"id":887,"date":"2025-01-27T19:57:07","date_gmt":"2025-01-28T00:57:07","guid":{"rendered":"https:\/\/fgsuroccidente.net\/?p=887"},"modified":"2025-07-01T20:00:13","modified_gmt":"2025-07-02T01:00:13","slug":"la-paz-total-es-mas-militar-que-politica","status":"publish","type":"post","link":"https:\/\/fgsuroccidente.net\/?p=887","title":{"rendered":"LA PAZ TOTAL ES M\u00c1S MILITAR QUE POL\u00cdTICA"},"content":{"rendered":"\n<p><em>El Gobierno Nacional y las Empresas de la Comunicaci\u00f3n funcionales al r\u00e9gimen pol\u00edtico han instalado una matriz de opini\u00f3n para satanizar al ELN, por cuanto se cuestiona sus equivocadas pol\u00edticas de paz que no hacen otra cosa que reciclar violencia, con la creaci\u00f3n de nuevos grupos paramilitares conformados por desmovilizados y la oxigenaci\u00f3n de los antiguos como el Clan del Golfo.<\/em><\/p>\n\n\n\n<p>Todas estas expresiones del paramilitarismo son los m\u00e1s activos actores del plan contrainsurgente del Estado, dentro de la Doctrina de las guerras proxis, que se financian con el narcotr\u00e1fico.<\/p>\n\n\n\n<p>El ELN durante 33 a\u00f1os, de manera continua, ha mantenido di\u00e1logos con los respectivos gobiernos, con unos se ha avanzado m\u00e1s que con otros, pero ha faltado continuidad de parte de ellos, por cuanto se carece de una verdadera pol\u00edtica de paz de Estado que supere su creencia o doctrina, limitada a conseguir la desmovilizaci\u00f3n y el desarme de las guerrillas, mientras se mantienen las estructuras sociales, pol\u00edticas y econ\u00f3micas que reproducen la injusticia, la exclusi\u00f3n y la persecuci\u00f3n pol\u00edtica, que es en \u00faltimas la causa originaria del conflicto armado y lo contin\u00faa reproduciendo.<\/p>\n\n\n\n<p>Hemos sido claros cuando se\u00f1alamos que la paz significa cambios que beneficien a todos los colombianos, y que en la formulaci\u00f3n de dichos cambios debe participar la sociedad en su conjunto, ah\u00ed podremos apreciar que lo que se\u00f1alamos, como aspiraci\u00f3n de las mayor\u00edas del pa\u00eds, son tambi\u00e9n del ELN.<\/p>\n\n\n\n<p>Por lo anterior, el ELN jam\u00e1s aceptar\u00e1 como pol\u00edtica de paz ni el sometimiento ni la rendici\u00f3n.<\/p>\n\n\n\n<p>La \u00abPaz Total\u00bb ha sido una pol\u00edtica de Petro que le ha permitido a las bandas y grupos paramilitares cierto \u00abestatus pol\u00edtico\u00bb para adelantar acciones de coordinaci\u00f3n con el Estado y sus Fuerzas Armadas dentro de su plan contrainsurgente, que busca entre sus objetivos fundamentales rendir y someter al ELN.<\/p>\n\n\n\n<p>Este plan se ha venido adelantando en Cauca, Arauca, Choc\u00f3 y ven\u00eda de manera larvada en el Catatumbo, la base para la configuraci\u00f3n de estas nuevas expresiones del paramilitarismo han sido los desmovilizados de las Ex-Farc activados y apoyados por las Fuerzas Militares.<\/p>\n\n\n\n<p>En el Catatumbo ven\u00eda configur\u00e1ndose un plan contra el ELN con el prop\u00f3sito de aniquilar el Frente de Guerra Nororiental, en una alianza entre el Estado Colombiano y las Bandas de las Ex-Farc, adem\u00e1s para desestabilizar la frontera adelantando operaciones con bandera falsa.<\/p>\n\n\n\n<p>Por esta raz\u00f3n cuando ellos realizaron el asesinato de Miguel \u00c1ngel, su esposa y su peque\u00f1o hijo, para endilg\u00e1rselo al ELN, se prendieron las alarmas y desde la Direcci\u00f3n Nacional y el Estado Mayor del ELN se dio la orden de iniciar operaciones militares contra el autodenominado \u00abFrente 33\u00bb de las Ex-Farc.<\/p>\n\n\n\n<p>En ning\u00fan momento se han realizado acciones contra la poblaci\u00f3n civil o por ser simplemente firmantes de la paz, sino por estar armados y ser activos bajo un mando militar en planes contra el ELN y las comunidades del Catatumbo.<\/p>\n\n\n\n<p>Hasta el momento no se ha movido ning\u00fan mando ni combatiente desde Arauca para el Catatumbo, no ha sido necesario, pero cuando han existido otro tipo de amenazas, las tropas del ELN son de car\u00e1cter nacional y el Comando Central tiene el mandato y potestad para hacerlo. En esto miente al pa\u00eds la inteligencia militar, porque ellos lo saben de sobra, hay mala intenci\u00f3n para desfigurar la realidad y as\u00ed sacar provecho.<\/p>\n\n\n\n<p>La actuaci\u00f3n de las Fuerzas Militares en todas estas regiones donde se confronta al paramilitarismo de viejo y nuevo cu\u00f1o, es de cooperaci\u00f3n y coordinaci\u00f3n permanente, obedece al plan contrainsurgente, lo novedoso es que ahora lo hacen abiertamente y cuando son combatidos por nosotros los protegen, y adem\u00e1s pareciera que esa es la naci\u00f3n que dicen proteger.<\/p>\n\n\n\n<p>Con la noticia falsa sobre un presunto desplazamiento de guerrilla del ELN desde Arauca al Catatumbo, la inteligencia militar busca involucrar al Gobierno de Venezuela en asuntos internos de Colombia, para justificar los planes de invasi\u00f3n a esta hermana Rep\u00fablica, que ya fueron rechazados por la sociedad colombiana, cuando los propuso el expresidente Uribe.<\/p>\n\n\n\n<p>\u00a1Colombia\u2026 para los trabajadores!<\/p>\n\n\n\n<p>\u00a1Ni un paso atr\u00e1s\u2026 liberaci\u00f3n o muerte!<\/p>\n\n\n\n<p><strong>Comando Central<\/strong><\/p>\n\n\n\n<p>Ej\u00e9rcito de Liberaci\u00f3n Nacional<\/p>\n\n\n\n<p>Monta\u00f1as de Colombia<\/p>\n\n\n\n<p>Enero 26 de 2025<\/p>\n","protected":false},"excerpt":{"rendered":"<p>El Gobierno Nacional y las Empresas de la Comunicaci\u00f3n funcionales al r\u00e9gimen pol\u00edtico han instalado una matriz de opini\u00f3n para satanizar al ELN, por cuanto se cuestiona sus equivocadas pol\u00edticas de paz que no hacen otra cosa que reciclar violencia, con la creaci\u00f3n de nuevos grupos paramilitares conformados por desmovilizados <a href=\"https:\/\/fgsuroccidente.net\/?p=887\" class=\"btn-link\">Seguir leyendo<i class=\"ion-ios-arrow-right\"><\/i><\/a><\/p>\n","protected":false},"author":2,"featured_media":888,"comment_status":"closed","ping_status":"open","sticky":false,"template":"","format":"standard","meta":{"footnotes":""},"categories":[4,17],"tags":[],"class_list":["post-887","post","type-post","status-publish","format-standard","has-post-thumbnail","hentry","category-coce","category-insurreccion"],"_links":{"self":[{"href":"https:\/\/fgsuroccidente.net\/index.php?rest_route=\/wp\/v2\/posts\/887","targetHints":{"allow":["GET"]}}],"collection":[{"href":"https:\/\/fgsuroccidente.net\/index.php?rest_route=\/wp\/v2\/posts"}],"about":[{"href":"https:\/\/fgsuroccidente.net\/index.php?rest_route=\/wp\/v2\/types\/post"}],"author":[{"embeddable":true,"href":"https:\/\/fgsuroccidente.net\/index.php?rest_route=\/wp\/v2\/users\/2"}],"replies":[{"embeddable":true,"href":"https:\/\/fgsuroccidente.net\/index.php?rest_route=%2Fwp%2Fv2%2Fcomments&post=887"}],"version-history":[{"count":1,"href":"https:\/\/fgsuroccidente.net\/index.php?rest_route=\/wp\/v2\/posts\/887\/revisions"}],"predecessor-version":[{"id":889,"href":"https:\/\/fgsuroccidente.net\/index.php?rest_route=\/wp\/v2\/posts\/887\/revisions\/889"}],"wp:featuredmedia":[{"embeddable":true,"href":"https:\/\/fgsuroccidente.net\/index.php?rest_route=\/wp\/v2\/media\/888"}],"wp:attachment":[{"href":"https:\/\/fgsuroccidente.net\/index.php?rest_route=%2Fwp%2Fv2%2Fmedia&parent=887"}],"wp:term":[{"taxonomy":"category","embeddable":true,"href":"https:\/\/fgsuroccidente.net\/index.php?rest_route=%2Fwp%2Fv2%2Fcategories&post=887"},{"taxonomy":"post_tag","embeddable":true,"href":"https:\/\/fgsuroccidente.net\/index.php?rest_route=%2Fwp%2Fv2%2Ftags&post=887"}],"curies":[{"name":"wp","href":"https:\/\/api.w.org\/{rel}","templated":true}]}}