{"id":897,"date":"2025-02-17T20:14:00","date_gmt":"2025-02-18T01:14:00","guid":{"rendered":"https:\/\/fgsuroccidente.net\/?p=897"},"modified":"2025-07-01T20:17:30","modified_gmt":"2025-07-02T01:17:30","slug":"camilo-y-la-construccion-de-la-democracia","status":"publish","type":"post","link":"https:\/\/fgsuroccidente.net\/?p=897","title":{"rendered":"CAMILO Y LA CONSTRUCCI\u00d3N DE LA DEMOCRACIA"},"content":{"rendered":"\n<blockquote class=\"wp-block-quote is-layout-flow wp-block-quote-is-layout-flow\">\n<p><em><strong>Comando Central (COCE)<\/strong><\/em><\/p>\n<\/blockquote>\n\n\n\n<p><em>Camilo Torres es recordado por la agudeza de sus ideas sobre crear democracia a favor de las mayor\u00edas, con la convicci\u00f3n que es un deber para los cristianos hacer esta revoluci\u00f3n y la consecuencia de comprometerse con ella hasta las \u00faltimas consecuencias.<\/em><\/p>\n\n\n\n<p>En 1964 en una conferencia sobre los Grupos de Presi\u00f3n en Colombia, Camilo deline\u00f3 la que fue su ruta de actividad pol\u00edtica, hasta su ca\u00edda en combate en la guerrilla del ELN, el 15 de febrero de 1966:<\/p>\n\n\n\n<p>\u201cLas clases populares mayoritarias no constituyen \u2018grupos de presi\u00f3n\u2019, por no poseer una conciencia de necesidades comunes, no tener una actividad unificada, no poseer una organizaci\u00f3n de envergadura nacional, ni un m\u00ednimum de objetivos pol\u00edticos comunes. Si las mayor\u00edas no logran tener estos requisitos, Colombia no llegar\u00e1 a ser una verdadera democracia\u201d.<\/p>\n\n\n\n<h2 class=\"wp-block-heading\"><strong>Primero<\/strong><\/h2>\n\n\n\n<p>Sobre lograr una conciencia de las necesidades comunes, Camilo expres\u00f3:<\/p>\n\n\n\n<p>\u201cUna de las primeras condiciones es lograr que la clase popular tenga una conciencia com\u00fan\u201d. \u201cNosotros nos ponemos a discutir sobre si el alma es mortal o inmortal y dejamos sin resolver un punto en que si estamos todos de acuerdo y es que la miseria s\u00ed es mortal\u201d.<\/p>\n\n\n\n<p>\u201cEl movimiento de Gait\u00e1n consolida una conciencia de clase que la violencia oficial no ha logrado borrar\u201d. \u201cLa frase de Gait\u00e1n de que \u2018en Colombia el pueblo es superior a sus dirigentes\u2019 no es una frase demag\u00f3gica sino absolutamente real\u201d.<\/p>\n\n\n\n<h2 class=\"wp-block-heading\"><strong>Segundo<\/strong><\/h2>\n\n\n\n<p>Camilo habl\u00f3 con meridiana claridad que para encarnarse en el pueblo, hay que partir de ascender hacia la clase popular:<\/p>\n\n\n\n<p>\u201cEs necesario que comencemos ya. Que nos mezclemos con las masas, que vivamos, no solamente para los pobres, sino con los pobres y como pobres. La integraci\u00f3n con las masas es un elemento esencial a la revoluci\u00f3n y a la uni\u00f3n\u201d. \u201cCuando vamos a la base de nuestro pueblo es mucho m\u00e1s para aprender que para ense\u00f1ar\u201d. \u201cSer\u00e1, en \u00faltima instancia, el pueblo el que nos ense\u00f1ar\u00e1 c\u00f3mo debemos realizar la uni\u00f3n\u201d.<\/p>\n\n\n\n<p>\u201cNadie puede ser verdaderamente revolucionario si no conf\u00eda en los valores del pueblo\u201d. \u201cAdem\u00e1s de conciencia com\u00fan, nosotros podemos estimular los valores que existen en nuestro pueblo\u201d. \u201cDebemos reconstruir la confianza que el pueblo debe tener en s\u00ed mismo. Debemos ayudarlo a que encuentre seguridad en la acci\u00f3n, por peque\u00f1os triunfos de acci\u00f3n colectiva al principio que, poco a poco, se convertir\u00e1n en acciones cada vez de mayor trascendencia. As\u00ed, nuestro pueblo adquirir\u00e1 una actitud activa ante sus propios problemas, condici\u00f3n indispensable para poderlos resolver por s\u00ed mismo\u201d.<\/p>\n\n\n\n<h2 class=\"wp-block-heading\"><strong>Tercero<\/strong><\/h2>\n\n\n\n<p>Como el Libertador Sim\u00f3n Bol\u00edvar, Camilo insisti\u00f3 en la unidad de las fuerzas populares, alrededor de un Frente Unido del Pueblo:<\/p>\n\n\n\n<p>\u201cNada nos har\u00e1 desistir de nuestra lucha por organizar el pueblo e ir con \u00e9l hasta la toma del poder, cueste lo que cueste\u201d. \u201cLa labor agitacional es importante pero que su efecto real se pierde si no va seguido de la organizaci\u00f3n y de la lucha por la toma del poder\u201d. \u201cEs necesario que los jefes sepan que no podr\u00e1n llegar a servir lealmente a la revoluci\u00f3n si no es mediante un sacrificio personal, por ese ideal, hasta las \u00faltimas consecuencias\u201d.<\/p>\n\n\n\n<h2 class=\"wp-block-heading\"><strong>Cuarto<\/strong><\/h2>\n\n\n\n<p>Para Camilo la unidad de la clase popular se desarrolla alrededor de una Plataforma de objetivos pol\u00edticos comunes:<\/p>\n\n\n\n<p>\u201cAnte todo necesitamos objetivos nacionales que encaucen nuestras energ\u00edas y las energ\u00edas de todo el pueblo colombiano\u201d. \u201cTenemos que poner una plataforma m\u00ednima, en la cual estemos de acuerdo y por la cual vayamos a luchar\u201d. \u201cEstoy dispuesto a luchar por objetivos comunes: contra la oligarqu\u00eda y el dominio de los Estados Unidos, para la toma del poder por parte de la clase popular\u201d.<\/p>\n\n\n\n<p>\u201cEs necesario, entonces, quitarles el poder a las minor\u00edas privilegiadas para d\u00e1rselo a las mayor\u00edas pobres. Esto, si se hace r\u00e1pidamente es lo esencial de una revoluci\u00f3n, la revoluci\u00f3n puede ser pac\u00edfica si las minor\u00edas no hacen resistencia violenta\u201d. \u201cMis planteamientos se reducen a que las mayor\u00edas ejerzan el poder, para que las decisiones gubernamentales sean en favor de las mayor\u00edas y no de las minor\u00edas. Y como todos sabemos que esto no es f\u00e1cil, yo he dicho que debemos prepararnos para el caso de que las minor\u00edas se opongan por medio de la violencia, a que las clases mayoritarias ejerzan el poder\u201d. \u201cSi la clase minoritaria no nos permite tomar el poder -cosa fundamentalmente antidemocr\u00e1tica ya que, si somos una mayor\u00eda y si creemos en la democracia, merecemos el poder- si llega a profanar la democracia colombiana ejerciendo la violencia, es necesario que sepa que nosotros estamos listos a contestar con fuerza la fuerza\u201d.<\/p>\n\n\n\n<p>\u201cNosotros no podemos ir a hacerle el juego a las oligarqu\u00edas meti\u00e9ndonos en su sistema electoral, controlado por ellas, no podemos participar en esa comedia de democracia en la cual desgraciadamente la clase popular ha venido representando un papel que la desfavorece y que no favorece sino a las clases privilegiadas\u201d.<\/p>\n","protected":false},"excerpt":{"rendered":"<p>Comando Central (COCE) Camilo Torres es recordado por la agudeza de sus ideas sobre crear democracia a favor de las mayor\u00edas, con la convicci\u00f3n que es un deber para los cristianos hacer esta revoluci\u00f3n y la consecuencia de comprometerse con ella hasta las \u00faltimas consecuencias. En 1964 en una conferencia <a href=\"https:\/\/fgsuroccidente.net\/?p=897\" class=\"btn-link\">Seguir leyendo<i class=\"ion-ios-arrow-right\"><\/i><\/a><\/p>\n","protected":false},"author":2,"featured_media":898,"comment_status":"closed","ping_status":"open","sticky":false,"template":"","format":"standard","meta":{"footnotes":""},"categories":[4,17],"tags":[],"class_list":["post-897","post","type-post","status-publish","format-standard","has-post-thumbnail","hentry","category-coce","category-insurreccion"],"_links":{"self":[{"href":"https:\/\/fgsuroccidente.net\/index.php?rest_route=\/wp\/v2\/posts\/897","targetHints":{"allow":["GET"]}}],"collection":[{"href":"https:\/\/fgsuroccidente.net\/index.php?rest_route=\/wp\/v2\/posts"}],"about":[{"href":"https:\/\/fgsuroccidente.net\/index.php?rest_route=\/wp\/v2\/types\/post"}],"author":[{"embeddable":true,"href":"https:\/\/fgsuroccidente.net\/index.php?rest_route=\/wp\/v2\/users\/2"}],"replies":[{"embeddable":true,"href":"https:\/\/fgsuroccidente.net\/index.php?rest_route=%2Fwp%2Fv2%2Fcomments&post=897"}],"version-history":[{"count":1,"href":"https:\/\/fgsuroccidente.net\/index.php?rest_route=\/wp\/v2\/posts\/897\/revisions"}],"predecessor-version":[{"id":899,"href":"https:\/\/fgsuroccidente.net\/index.php?rest_route=\/wp\/v2\/posts\/897\/revisions\/899"}],"wp:featuredmedia":[{"embeddable":true,"href":"https:\/\/fgsuroccidente.net\/index.php?rest_route=\/wp\/v2\/media\/898"}],"wp:attachment":[{"href":"https:\/\/fgsuroccidente.net\/index.php?rest_route=%2Fwp%2Fv2%2Fmedia&parent=897"}],"wp:term":[{"taxonomy":"category","embeddable":true,"href":"https:\/\/fgsuroccidente.net\/index.php?rest_route=%2Fwp%2Fv2%2Fcategories&post=897"},{"taxonomy":"post_tag","embeddable":true,"href":"https:\/\/fgsuroccidente.net\/index.php?rest_route=%2Fwp%2Fv2%2Ftags&post=897"}],"curies":[{"name":"wp","href":"https:\/\/api.w.org\/{rel}","templated":true}]}}