{"id":900,"date":"2025-02-24T06:34:00","date_gmt":"2025-02-24T11:34:00","guid":{"rendered":"https:\/\/fgsuroccidente.net\/?p=900"},"modified":"2025-07-02T06:41:16","modified_gmt":"2025-07-02T11:41:16","slug":"la-solucion-politica-del-conflicto-es-la-esperanza","status":"publish","type":"post","link":"https:\/\/fgsuroccidente.net\/?p=900","title":{"rendered":"LA SOLUCI\u00d3N POL\u00cdTICA DEL CONFLICTO ES LA ESPERANZA"},"content":{"rendered":"\n<p><em>Colombia espera una paz que supere el empobrecimiento y la exclusi\u00f3n de las mayor\u00edas, que haya un Gobierno que le sirva al pueblo y que las Fuerzas Armadas estatales y paraestatales dejen de ver a los l\u00edderes populares, como un Enemigo Interno a perseguir y eliminar.<\/em><\/p>\n\n\n\n<p>La paz no es buscar un modelo de sociedad donde no haya conflictos, la paz es que tales conflictos tengan una soluci\u00f3n pol\u00edtica, no salidas militares y policiales, como la que el r\u00e9gimen le propin\u00f3 al Estallido Social de 2021, cuando millones de colombianas y colombianos se tomaron las calles para exigir cambios y transformaciones de fondo, a los graves problemas que sufre la sociedad colombiana.<\/p>\n\n\n\n<p>Por m\u00e1s de medio siglo los distintos Gobiernos han buscado imponer una soluci\u00f3n militar a la guerrilla revolucionaria, adelantando operaciones de pacificaci\u00f3n que han fracasado, pues no han resuelto las causas econ\u00f3micas, sociales y pol\u00edticas de la gestaci\u00f3n de la insurgencia; modelo pacificador fallido al concentrarse en tratar los s\u00edntomas de los problemas nacionales, que solo buscan estabilidad para los negocios de los grandes capitalistas, sin resolver los problemas de las mayor\u00edas, lo que desemboca en el crecimiento continuo de la protesta social y la rebeld\u00eda popular.<\/p>\n\n\n\n<p>El reclamo de paz con justicia social lo recogi\u00f3 el Gobierno progresista instalado en 2022, pero ha sido bajo el cumplimiento de sus promesas de cambio y democratizaci\u00f3n del r\u00e9gimen, entre ellos, los de la publicitada Paz Total, desarrollada con dos agendas: la prioritaria destinada a la desmovilizaci\u00f3n y desarme, y una complementaria que buscaba la participaci\u00f3n de la sociedad en la formulaci\u00f3n y compromiso con la transformaci\u00f3n de Colombia, en la que un Acuerdo Nacional asumiera el logro de tales transformaciones. Faltando a\u00f1o y medio de gobierno, Petro desech\u00f3 la b\u00fasqueda de la Paz con justicia social y est\u00e1 dedicado solo a la pacificaci\u00f3n, giro a la derecha con que cree que va a resolver la crisis que sufre su Gobierno.<\/p>\n\n\n\n<p>La crisis del progresismo que gobierna genera desesperanza, pero no es la crisis de la lucha que busca la dignidad de las mayor\u00edas y de la naci\u00f3n; si falla un intento de cambio, no implica conformarse y declarar que no hay alternativa distinta al r\u00e9gimen de la minor\u00eda dominante; la esperanza reside en persistir para lograr una soluci\u00f3n pol\u00edtica del conflicto y las transformaciones que la naci\u00f3n reclama; para esta lucha cuenten con el ELN.<\/p>\n","protected":false},"excerpt":{"rendered":"<p>Colombia espera una paz que supere el empobrecimiento y la exclusi\u00f3n de las mayor\u00edas, que haya un Gobierno que le sirva al pueblo y que las Fuerzas Armadas estatales y paraestatales dejen de ver a los l\u00edderes populares, como un Enemigo Interno a perseguir y eliminar. La paz no es <a href=\"https:\/\/fgsuroccidente.net\/?p=900\" class=\"btn-link\">Seguir leyendo<i class=\"ion-ios-arrow-right\"><\/i><\/a><\/p>\n","protected":false},"author":2,"featured_media":901,"comment_status":"closed","ping_status":"open","sticky":false,"template":"","format":"standard","meta":{"footnotes":""},"categories":[4,17],"tags":[],"class_list":["post-900","post","type-post","status-publish","format-standard","has-post-thumbnail","hentry","category-coce","category-insurreccion"],"_links":{"self":[{"href":"https:\/\/fgsuroccidente.net\/index.php?rest_route=\/wp\/v2\/posts\/900","targetHints":{"allow":["GET"]}}],"collection":[{"href":"https:\/\/fgsuroccidente.net\/index.php?rest_route=\/wp\/v2\/posts"}],"about":[{"href":"https:\/\/fgsuroccidente.net\/index.php?rest_route=\/wp\/v2\/types\/post"}],"author":[{"embeddable":true,"href":"https:\/\/fgsuroccidente.net\/index.php?rest_route=\/wp\/v2\/users\/2"}],"replies":[{"embeddable":true,"href":"https:\/\/fgsuroccidente.net\/index.php?rest_route=%2Fwp%2Fv2%2Fcomments&post=900"}],"version-history":[{"count":1,"href":"https:\/\/fgsuroccidente.net\/index.php?rest_route=\/wp\/v2\/posts\/900\/revisions"}],"predecessor-version":[{"id":902,"href":"https:\/\/fgsuroccidente.net\/index.php?rest_route=\/wp\/v2\/posts\/900\/revisions\/902"}],"wp:featuredmedia":[{"embeddable":true,"href":"https:\/\/fgsuroccidente.net\/index.php?rest_route=\/wp\/v2\/media\/901"}],"wp:attachment":[{"href":"https:\/\/fgsuroccidente.net\/index.php?rest_route=%2Fwp%2Fv2%2Fmedia&parent=900"}],"wp:term":[{"taxonomy":"category","embeddable":true,"href":"https:\/\/fgsuroccidente.net\/index.php?rest_route=%2Fwp%2Fv2%2Fcategories&post=900"},{"taxonomy":"post_tag","embeddable":true,"href":"https:\/\/fgsuroccidente.net\/index.php?rest_route=%2Fwp%2Fv2%2Ftags&post=900"}],"curies":[{"name":"wp","href":"https:\/\/api.w.org\/{rel}","templated":true}]}}