{"id":909,"date":"2025-03-17T06:51:12","date_gmt":"2025-03-17T11:51:12","guid":{"rendered":"https:\/\/fgsuroccidente.net\/?p=909"},"modified":"2025-07-02T06:54:02","modified_gmt":"2025-07-02T11:54:02","slug":"el-pueblo-es-superior-a-sus-dirigentes","status":"publish","type":"post","link":"https:\/\/fgsuroccidente.net\/?p=909","title":{"rendered":"\u2018EL PUEBLO ES SUPERIOR A SUS DIRIGENTES\u2019"},"content":{"rendered":"\n<p>Comando Central (COCE)<\/p>\n\n\n\n<p><em>El pasado 18 de marzo el pueblo colombiano ejerci\u00f3 la democracia de la calle para exigir sus derechos, como alternativa ante la ruina de la democracia representativa, que dice ejercer el Congreso de la Rep\u00fablica, que en realidad bloquea los cambios a favor de la mayor\u00eda.<\/em><\/p>\n\n\n\n<p>El l\u00edder liberal socialista Jorge Eli\u00e9cer Gait\u00e1n (1903-1948), en su cr\u00edtica a los partidos tradicionales que soportan el r\u00e9gimen de la oligarqu\u00eda, convoc\u00f3 a crear una fuerza popular que le sirva a los de abajo y se deslinde del gobierno de la \u00e9lite privilegiada. M\u00e1s tarde, el padre Camilo Torres (1929-1966), un seguidor de Gait\u00e1n, insisti\u00f3 en que al pueblo hay que dotarlo de conciencia de clase y llam\u00f3 a los revolucionarios a aprender del pueblo, en su lucha contra la oligarqu\u00eda y el imperialismo norteamericano, esfuerzo que \u00e9l denomin\u00f3 como \u2018ascender al pueblo\u2019. Ambos dirigentes coincidieron en que los liderazgos han de servir al pueblo, para conducir la lucha y conquista de sus derechos inalienables.<\/p>\n\n\n\n<p>La ense\u00f1anza de Gait\u00e1n sobre que \u2018el pueblo es superior a sus dirigentes\u00b4, tiene plena vigencia en este momento de la lucha pol\u00edtica en Colombia, cuando el pueblo toma conciencia de lo inservibles que son instituciones como el Congreso y desde la movilizaci\u00f3n en la calle exige y presiona para conquistar una vida digna; lo que obliga a los dirigentes populares a colocarse al frente, para potenciar este torrente de pueblo, que marcha por la realizaci\u00f3n de transformaciones profundas, no superficiales, puesto que es bien sabido que \u2018a grandes males, grandes remedios\u2019.<\/p>\n\n\n\n<p>El peor mal que azota al pueblo colombiano es la plutocracia que manda en Estados Unidos, representada ahora por Donald Trump, quien amenaza con el uso de m\u00e1s fuerza, para lograr su prop\u00f3sito de que la naci\u00f3n colombiana no deje de ser su vasalla; a su lado est\u00e1 otra peste, el capitalismo neoliberal que la oligarqu\u00eda aplica en el pa\u00eds, con el cual empobrecen y excluyen a la mayor\u00eda, mientras engordan a\u00fan m\u00e1s a los s\u00faper ricos.<\/p>\n\n\n\n<p>Las colombianas y colombianos tendremos una vida digna si derrocamos al fracasado neoliberalismo y desarrollamos una sociedad post capitalista, al tiempo que luchamos para conquistar nuestra segunda y definitiva independencia; a este esfuerzo nos debemos consagrar las fuerzas populares y este es el compromiso que busca cumplir el Ej\u00e9rcito de Liberaci\u00f3n Nacional.<\/p>\n","protected":false},"excerpt":{"rendered":"<p>Comando Central (COCE) El pasado 18 de marzo el pueblo colombiano ejerci\u00f3 la democracia de la calle para exigir sus derechos, como alternativa ante la ruina de la democracia representativa, que dice ejercer el Congreso de la Rep\u00fablica, que en realidad bloquea los cambios a favor de la mayor\u00eda. El <a href=\"https:\/\/fgsuroccidente.net\/?p=909\" class=\"btn-link\">Seguir leyendo<i class=\"ion-ios-arrow-right\"><\/i><\/a><\/p>\n","protected":false},"author":2,"featured_media":910,"comment_status":"closed","ping_status":"open","sticky":false,"template":"","format":"standard","meta":{"footnotes":""},"categories":[4,17],"tags":[],"class_list":["post-909","post","type-post","status-publish","format-standard","has-post-thumbnail","hentry","category-coce","category-insurreccion"],"_links":{"self":[{"href":"https:\/\/fgsuroccidente.net\/index.php?rest_route=\/wp\/v2\/posts\/909","targetHints":{"allow":["GET"]}}],"collection":[{"href":"https:\/\/fgsuroccidente.net\/index.php?rest_route=\/wp\/v2\/posts"}],"about":[{"href":"https:\/\/fgsuroccidente.net\/index.php?rest_route=\/wp\/v2\/types\/post"}],"author":[{"embeddable":true,"href":"https:\/\/fgsuroccidente.net\/index.php?rest_route=\/wp\/v2\/users\/2"}],"replies":[{"embeddable":true,"href":"https:\/\/fgsuroccidente.net\/index.php?rest_route=%2Fwp%2Fv2%2Fcomments&post=909"}],"version-history":[{"count":1,"href":"https:\/\/fgsuroccidente.net\/index.php?rest_route=\/wp\/v2\/posts\/909\/revisions"}],"predecessor-version":[{"id":911,"href":"https:\/\/fgsuroccidente.net\/index.php?rest_route=\/wp\/v2\/posts\/909\/revisions\/911"}],"wp:featuredmedia":[{"embeddable":true,"href":"https:\/\/fgsuroccidente.net\/index.php?rest_route=\/wp\/v2\/media\/910"}],"wp:attachment":[{"href":"https:\/\/fgsuroccidente.net\/index.php?rest_route=%2Fwp%2Fv2%2Fmedia&parent=909"}],"wp:term":[{"taxonomy":"category","embeddable":true,"href":"https:\/\/fgsuroccidente.net\/index.php?rest_route=%2Fwp%2Fv2%2Fcategories&post=909"},{"taxonomy":"post_tag","embeddable":true,"href":"https:\/\/fgsuroccidente.net\/index.php?rest_route=%2Fwp%2Fv2%2Ftags&post=909"}],"curies":[{"name":"wp","href":"https:\/\/api.w.org\/{rel}","templated":true}]}}