{"id":924,"date":"2025-04-28T07:10:22","date_gmt":"2025-04-28T12:10:22","guid":{"rendered":"https:\/\/fgsuroccidente.net\/?p=924"},"modified":"2025-07-02T07:11:57","modified_gmt":"2025-07-02T12:11:57","slug":"cuatro-anos-despues","status":"publish","type":"post","link":"https:\/\/fgsuroccidente.net\/?p=924","title":{"rendered":"CUATRO A\u00d1OS DESPU\u00c9S"},"content":{"rendered":"\n<p><em>El 28 de abril de 2021, los de abajo durante 3 meses, con la democracia de calle establecieron un Mandato de Cambios Estructurales, asumido parcialmente por un programa presidencial, que victorioso intent\u00f3 cumplir una parte, mientras los de arriba bloquean hasta las m\u00e1s t\u00edmidas reformas.<\/em><\/p>\n\n\n\n<p>Colombia como el pa\u00eds m\u00e1s desigual del continente, se levant\u00f3 ante la pretensi\u00f3n neoliberal de colocar m\u00e1s impuestos a la mayor\u00eda, mientras segu\u00eda reduci\u00e9ndolos a los grandes capitalistas; la reacci\u00f3n del Gobierno de Duque (2018-2022) fue la t\u00edpica del viejo r\u00e9gimen, al intentar sofocar el Estallido Social con una sanguinaria represi\u00f3n, descartando la soluci\u00f3n pol\u00edtica y el di\u00e1logo sobre el Pliego de exigencias que presentaron los manifestantes.<\/p>\n\n\n\n<p>Con las promesas electorales, los j\u00f3venes que nunca hab\u00edan votado, por su edad o por objeci\u00f3n de conciencia, votaron por el Programa del Pacto Hist\u00f3rico y su candidato Gustavo Petro, quien pasadas dos terceras partes de su gobierno (2022-2026), fracas\u00f3 en su intento de aliarse con el viejo r\u00e9gimen para hacer algunas reformas, quedando atrapado entre una oligarqu\u00eda que lo condiciona y el imperio norteamericano que le impone la ruta que debe seguir, y no le tolera tan siquiera su \u201cret\u00f3rica imprudente\u201d, como la llaman los secuaces de Donald, no el pato, sino el otro.<\/p>\n\n\n\n<p>Ahora que arranca la puja electoral para las presidenciales de 2026, algunos que votaron por el Pacto Hist\u00f3rico examinan si deben colocar un candidato, con un perfil personal mejor que el de Petro y otra vez est\u00e1n buscando aliados entre los de arriba, con los que creen que va a ser posible cumplir el Mandato de Cambios Estructurales que instaur\u00f3 el Estallido Social de 2021. Ante este panorama, \u00bfd\u00f3nde est\u00e1 la capacidad de aprendizaje de las fuerzas populares?<\/p>\n\n\n\n<p>Por su parte los de arriba, consideran que lo \u00fanico que les permite preservar sus privilegios es colocar un programa y un candidato, que garantice m\u00e1s \u2018mano dura\u2019, con la que persigan y eliminen cualquier intento de cambiar el modelo imperante, que cada d\u00eda deja m\u00e1s ricos a los ricos, mientras la cantidad de empobrecidos y excluidos crece por millones.<\/p>\n\n\n\n<p>El Estallido Social dej\u00f3 un Programa de Paz con transformaciones, que para nada le gusta a la oligarqu\u00eda, ni al imperialismo norteamericano, quienes ante los profundos problemas que sufre Colombia solo ofrecen m\u00e1s represi\u00f3n, m\u00e1s trato de guerra a la protesta social, m\u00e1s ejecuciones de su fracasada Guerra contra las drogas y cuando mucho, prometen una que otra medida superficial y asistencial, que enmascaran como la soluci\u00f3n a los problemas.<\/p>\n\n\n\n<p>Colombia en el futuro inmediato tiene el choque de dos fuerzas, la de los de arriba que buscan bloquear los cambios, con la fuerza de los de abajo direccionada a lograr el Mandato del Estallido Social, consistente en materializar la paz con justicia social, que exige transformaciones estructurales a la sociedad y al Estado; por esto, la unidad popular tras estos prop\u00f3sitos, desarrollar\u00e1 la fuerza necesaria para abrirle paso a una soluci\u00f3n pol\u00edtica del conflicto.<\/p>\n","protected":false},"excerpt":{"rendered":"<p>El 28 de abril de 2021, los de abajo durante 3 meses, con la democracia de calle establecieron un Mandato de Cambios Estructurales, asumido parcialmente por un programa presidencial, que victorioso intent\u00f3 cumplir una parte, mientras los de arriba bloquean hasta las m\u00e1s t\u00edmidas reformas. Colombia como el pa\u00eds m\u00e1s <a href=\"https:\/\/fgsuroccidente.net\/?p=924\" class=\"btn-link\">Seguir leyendo<i class=\"ion-ios-arrow-right\"><\/i><\/a><\/p>\n","protected":false},"author":2,"featured_media":925,"comment_status":"closed","ping_status":"open","sticky":false,"template":"","format":"standard","meta":{"footnotes":""},"categories":[4,17],"tags":[],"class_list":["post-924","post","type-post","status-publish","format-standard","has-post-thumbnail","hentry","category-coce","category-insurreccion"],"_links":{"self":[{"href":"https:\/\/fgsuroccidente.net\/index.php?rest_route=\/wp\/v2\/posts\/924","targetHints":{"allow":["GET"]}}],"collection":[{"href":"https:\/\/fgsuroccidente.net\/index.php?rest_route=\/wp\/v2\/posts"}],"about":[{"href":"https:\/\/fgsuroccidente.net\/index.php?rest_route=\/wp\/v2\/types\/post"}],"author":[{"embeddable":true,"href":"https:\/\/fgsuroccidente.net\/index.php?rest_route=\/wp\/v2\/users\/2"}],"replies":[{"embeddable":true,"href":"https:\/\/fgsuroccidente.net\/index.php?rest_route=%2Fwp%2Fv2%2Fcomments&post=924"}],"version-history":[{"count":1,"href":"https:\/\/fgsuroccidente.net\/index.php?rest_route=\/wp\/v2\/posts\/924\/revisions"}],"predecessor-version":[{"id":926,"href":"https:\/\/fgsuroccidente.net\/index.php?rest_route=\/wp\/v2\/posts\/924\/revisions\/926"}],"wp:featuredmedia":[{"embeddable":true,"href":"https:\/\/fgsuroccidente.net\/index.php?rest_route=\/wp\/v2\/media\/925"}],"wp:attachment":[{"href":"https:\/\/fgsuroccidente.net\/index.php?rest_route=%2Fwp%2Fv2%2Fmedia&parent=924"}],"wp:term":[{"taxonomy":"category","embeddable":true,"href":"https:\/\/fgsuroccidente.net\/index.php?rest_route=%2Fwp%2Fv2%2Fcategories&post=924"},{"taxonomy":"post_tag","embeddable":true,"href":"https:\/\/fgsuroccidente.net\/index.php?rest_route=%2Fwp%2Fv2%2Ftags&post=924"}],"curies":[{"name":"wp","href":"https:\/\/api.w.org\/{rel}","templated":true}]}}