{"id":933,"date":"2025-05-19T07:18:27","date_gmt":"2025-05-19T12:18:27","guid":{"rendered":"https:\/\/fgsuroccidente.net\/?p=933"},"modified":"2025-07-02T07:20:00","modified_gmt":"2025-07-02T12:20:00","slug":"coherencia","status":"publish","type":"post","link":"https:\/\/fgsuroccidente.net\/?p=933","title":{"rendered":"COHERENCIA"},"content":{"rendered":"\n<p><em>Es lamentable el espect\u00e1culo que dieron los Congresistas esta semana, donde con maniobras il\u00edcitas dicen defender la legalidad, para favorecer los intereses de las clases dominantes, en contra del pueblo que los eligi\u00f3 como sus representantes.<\/em><\/p>\n\n\n\n<p>La consecuencia con sus principios qued\u00f3 demostrada, en la marruller\u00eda de los Senadores que persisten en su prop\u00f3sito de negar los m\u00ednimos derechos a los trabajadores; demostrando coherencia entre los viles medios que usaron, con la mezquindad de los fines que persiguen; exhibiendo una coherencia absoluta entre la costumbre mafiosa del \u2018Todo Vale\u2019, con darle prioridad a la reproducci\u00f3n del capital, mientras desprecian la reproducci\u00f3n de la vida.<\/p>\n\n\n\n<p>Si se desea conciliar intereses deben hacerse acuerdos y sobretodo buscar que \u2018la palabra vuelva a tener valor\u2019, pero este incidente en el Congreso vuelve a demostrar la retorcida conducta de la \u00e9lite que gobierna el pa\u00eds; quienes promueven una cultura rastrera, en la que impera la profesi\u00f3n de mentir para desinformar, sembrar odio para estigmatizar y demonizar al contrario, con lo que justifican su persecuci\u00f3n y eliminaci\u00f3n; antes, tal cultura fundament\u00f3 el pogromo por motivos \u00e9tnicos, ahora justifica el genocidio por motivos pol\u00edticos; y en la jerga b\u00e9lica del imperio, tal cultura la denominan guerra de informaci\u00f3n o guerra cognitiva, con la que lubrican la guerra perpetua imperialista.<\/p>\n\n\n\n<p>Para enfrentar esa cultura necr\u00f3fila que impulsan las clases dominantes vasallas del imperio norteamericano, se requiere revalorizar la verdad, el pensamiento cr\u00edtico y una conducta de proponer soluciones a los problemas del pueblo y de la naci\u00f3n colombiana, que demuestren el compromiso con los de abajo, Los Nadie y la Colombia profunda; entendiendo que esta mentalidad sostiene la resistencia y la rebeld\u00eda contra este sistema depredador de la vida.<\/p>\n\n\n\n<p>Este semanario llega a su edici\u00f3n n\u00famero mil, luego de haber nacido al tiempo que surgi\u00f3 el Ej\u00e9rcito de Liberaci\u00f3n Nacional hace seis d\u00e9cadas, durante este tiempo su l\u00ednea editorial nos obliga a ser objetivos y a ser la voz de los empobrecidos, excluidos y perseguidos, a la vez que somos cr\u00edticos y propositivos, en la misi\u00f3n de acompa\u00f1ar la lucha por la paz con justicia social y soberan\u00eda para Colombia. Esperamos estar cumpliendo los objetivos trazados a este semanario, y seguimos atentos a escuchar a nuestros lectores en las cr\u00edticas y recomendaciones que nos hagan.<\/p>\n","protected":false},"excerpt":{"rendered":"<p>Es lamentable el espect\u00e1culo que dieron los Congresistas esta semana, donde con maniobras il\u00edcitas dicen defender la legalidad, para favorecer los intereses de las clases dominantes, en contra del pueblo que los eligi\u00f3 como sus representantes. La consecuencia con sus principios qued\u00f3 demostrada, en la marruller\u00eda de los Senadores que <a href=\"https:\/\/fgsuroccidente.net\/?p=933\" class=\"btn-link\">Seguir leyendo<i class=\"ion-ios-arrow-right\"><\/i><\/a><\/p>\n","protected":false},"author":2,"featured_media":934,"comment_status":"closed","ping_status":"open","sticky":false,"template":"","format":"standard","meta":{"footnotes":""},"categories":[4,17],"tags":[],"class_list":["post-933","post","type-post","status-publish","format-standard","has-post-thumbnail","hentry","category-coce","category-insurreccion"],"_links":{"self":[{"href":"https:\/\/fgsuroccidente.net\/index.php?rest_route=\/wp\/v2\/posts\/933","targetHints":{"allow":["GET"]}}],"collection":[{"href":"https:\/\/fgsuroccidente.net\/index.php?rest_route=\/wp\/v2\/posts"}],"about":[{"href":"https:\/\/fgsuroccidente.net\/index.php?rest_route=\/wp\/v2\/types\/post"}],"author":[{"embeddable":true,"href":"https:\/\/fgsuroccidente.net\/index.php?rest_route=\/wp\/v2\/users\/2"}],"replies":[{"embeddable":true,"href":"https:\/\/fgsuroccidente.net\/index.php?rest_route=%2Fwp%2Fv2%2Fcomments&post=933"}],"version-history":[{"count":1,"href":"https:\/\/fgsuroccidente.net\/index.php?rest_route=\/wp\/v2\/posts\/933\/revisions"}],"predecessor-version":[{"id":935,"href":"https:\/\/fgsuroccidente.net\/index.php?rest_route=\/wp\/v2\/posts\/933\/revisions\/935"}],"wp:featuredmedia":[{"embeddable":true,"href":"https:\/\/fgsuroccidente.net\/index.php?rest_route=\/wp\/v2\/media\/934"}],"wp:attachment":[{"href":"https:\/\/fgsuroccidente.net\/index.php?rest_route=%2Fwp%2Fv2%2Fmedia&parent=933"}],"wp:term":[{"taxonomy":"category","embeddable":true,"href":"https:\/\/fgsuroccidente.net\/index.php?rest_route=%2Fwp%2Fv2%2Fcategories&post=933"},{"taxonomy":"post_tag","embeddable":true,"href":"https:\/\/fgsuroccidente.net\/index.php?rest_route=%2Fwp%2Fv2%2Ftags&post=933"}],"curies":[{"name":"wp","href":"https:\/\/api.w.org\/{rel}","templated":true}]}}