{"id":937,"date":"2025-05-26T07:21:09","date_gmt":"2025-05-26T12:21:09","guid":{"rendered":"https:\/\/fgsuroccidente.net\/?p=937"},"modified":"2025-07-02T07:23:12","modified_gmt":"2025-07-02T12:23:12","slug":"ejercer-el-poder","status":"publish","type":"post","link":"https:\/\/fgsuroccidente.net\/?p=937","title":{"rendered":"EJERCER EL PODER"},"content":{"rendered":"\n<blockquote class=\"wp-block-quote is-layout-flow wp-block-quote-is-layout-flow\">\n<p><em><strong>Comando Central (COCE)<\/strong><\/em><\/p>\n<\/blockquote>\n\n\n\n<p><em>El Estallido Social de 2021, hizo posible que el actual gobierno llegara al Palacio de Nari\u00f1o en 2022, pero a su renuncia a cumplir el mandato popular y escasa voluntad para liderarlo, se agrega la f\u00e9rrea oposici\u00f3n de la oligarqu\u00eda, lo que ha ense\u00f1ado que una cosa es intentar gobernar y otra diferente es tener el poder.<\/em><\/p>\n\n\n\n<p>Las fuerzas populares que, en los \u00faltimos a\u00f1os, en las calles exigen transformaciones estructurales, est\u00e1n aprendiendo una lecci\u00f3n, que ni siquiera unas modestas reformas las conceden las clases dominantes y que el pueblo debe luchar para conquistar m\u00ednimos cambios en lo laboral, las pensiones, la salud p\u00fablica, entre otros. Hace 60 a\u00f1os un l\u00edder revolucionario, el sacerdote, soci\u00f3logo y comandante guerrillero Camilo Torres, ense\u00f1\u00f3 c\u00f3mo enfrentar el logro de las reivindicaciones que el pueblo necesita. Esto explic\u00f3:<\/p>\n\n\n\n<p><em>\u201cEn Colombia hay leyes para todo, la aplicaci\u00f3n de esas leyes no se hace en virtud del amor al pr\u00f3jimo, sino en virtud del ego\u00edsmo del grupo\u201d<\/em>.<\/p>\n\n\n\n<p>Camilo anim\u00f3 a la lucha por cambios b\u00e1sicos, pero sin quedarse solamente en el logro de estas metas elementales:<\/p>\n\n\n\n<p>\u201cQue cada lucha parcial por ventajas inmediatas, no pierda de vista el hecho de que la reivindicaci\u00f3n total y definitiva obrera, no podr\u00e1 venir sino como consecuencia de la toma del poder por parte de las mayor\u00edas, por parte de la clase popular colombiana\u201d.<\/p>\n\n\n\n<p>\u201cLa democracia consiste en que las mayor\u00edas organizadas puedan ejercer el poder\u201d.<\/p>\n\n\n\n<p>\u201cLos \u00fanicos que determinan las decisiones gubernamentales en Colombia son los que pertenecen a una minor\u00eda de grandes intereses econ\u00f3micos. El d\u00eda que logremos nosotros que las mayor\u00edas se unifiquen, se organicen con objetivos concretos, y produzcan las decisiones, ese d\u00eda tendremos una aut\u00e9ntica democracia\u201d.<\/p>\n\n\n\n<p>De donde se deduce que el grupo minoritario que usufruct\u00faa el poder, se lo debe entregar al pueblo:<\/p>\n\n\n\n<p>\u201cEs necesario reemplazar al grupo en el ejercicio del poder, al grupo minoritario, al grupo de las clases dirigentes. Porque un grupo minoritario, en un pa\u00eds como el nuestro, tendr\u00e1 una gran cantidad de intereses opuestos a los de las clases mayoritarias y si de \u00e9l dependen las decisiones, nosotros veremos que las decisiones se adoptan sistem\u00e1ticamente en favor del grupo minoritario y en contra de las mayor\u00edas. Porque cuando hay un conflicto de intereses naturalmente, el que tiene el poder en sus manos, decidir\u00e1 en favor de \u00e9l mismo, en favor de su propio grupo\u201d.<\/p>\n\n\n\n<p>Camilo llam\u00f3 la atenci\u00f3n sobre c\u00f3mo la oligarqu\u00eda subordina al pueblo, por medio del sistema de partidos que se invent\u00f3:<\/p>\n\n\n\n<p>\u201cContinuamos con una clase minoritaria dirigi\u00e9ndonos y esa clase minoritaria ide\u00f3 una organizaci\u00f3n pol\u00edtica apta y eficaz para controlar a la clase popular; esa organizaci\u00f3n pol\u00edtica est\u00e1 constituida por partidos policlasistas, es decir, formados por diferentes clases, desde la clase minoritaria que est\u00e1 en la cima, hasta la clase popular que est\u00e1 en la base\u201d.<\/p>\n\n\n\n<p>Para generar los cambios de fondo que demanda Colombia, Camilo convoc\u00f3 a la lucha determinada y sostenida del pueblo:<\/p>\n\n\n\n<p>\u201cNada nos har\u00e1 desistir de nuestra lucha por organizar el pueblo e ir con \u00e9l hasta la toma del poder, cueste lo que cueste. Y lo decimos porque sabemos que es una decisi\u00f3n de las mayor\u00edas, sin cuyo apoyo y participaci\u00f3n activa, ni la c\u00e1rcel, ni las penalidades de la lucha tendr\u00edan sentido ni esperanza\u201d.<\/p>\n","protected":false},"excerpt":{"rendered":"<p>Comando Central (COCE) El Estallido Social de 2021, hizo posible que el actual gobierno llegara al Palacio de Nari\u00f1o en 2022, pero a su renuncia a cumplir el mandato popular y escasa voluntad para liderarlo, se agrega la f\u00e9rrea oposici\u00f3n de la oligarqu\u00eda, lo que ha ense\u00f1ado que una cosa <a href=\"https:\/\/fgsuroccidente.net\/?p=937\" class=\"btn-link\">Seguir leyendo<i class=\"ion-ios-arrow-right\"><\/i><\/a><\/p>\n","protected":false},"author":2,"featured_media":938,"comment_status":"closed","ping_status":"open","sticky":false,"template":"","format":"standard","meta":{"footnotes":""},"categories":[4,17],"tags":[],"class_list":["post-937","post","type-post","status-publish","format-standard","has-post-thumbnail","hentry","category-coce","category-insurreccion"],"_links":{"self":[{"href":"https:\/\/fgsuroccidente.net\/index.php?rest_route=\/wp\/v2\/posts\/937","targetHints":{"allow":["GET"]}}],"collection":[{"href":"https:\/\/fgsuroccidente.net\/index.php?rest_route=\/wp\/v2\/posts"}],"about":[{"href":"https:\/\/fgsuroccidente.net\/index.php?rest_route=\/wp\/v2\/types\/post"}],"author":[{"embeddable":true,"href":"https:\/\/fgsuroccidente.net\/index.php?rest_route=\/wp\/v2\/users\/2"}],"replies":[{"embeddable":true,"href":"https:\/\/fgsuroccidente.net\/index.php?rest_route=%2Fwp%2Fv2%2Fcomments&post=937"}],"version-history":[{"count":1,"href":"https:\/\/fgsuroccidente.net\/index.php?rest_route=\/wp\/v2\/posts\/937\/revisions"}],"predecessor-version":[{"id":939,"href":"https:\/\/fgsuroccidente.net\/index.php?rest_route=\/wp\/v2\/posts\/937\/revisions\/939"}],"wp:featuredmedia":[{"embeddable":true,"href":"https:\/\/fgsuroccidente.net\/index.php?rest_route=\/wp\/v2\/media\/938"}],"wp:attachment":[{"href":"https:\/\/fgsuroccidente.net\/index.php?rest_route=%2Fwp%2Fv2%2Fmedia&parent=937"}],"wp:term":[{"taxonomy":"category","embeddable":true,"href":"https:\/\/fgsuroccidente.net\/index.php?rest_route=%2Fwp%2Fv2%2Fcategories&post=937"},{"taxonomy":"post_tag","embeddable":true,"href":"https:\/\/fgsuroccidente.net\/index.php?rest_route=%2Fwp%2Fv2%2Ftags&post=937"}],"curies":[{"name":"wp","href":"https:\/\/api.w.org\/{rel}","templated":true}]}}