{"id":949,"date":"2025-06-23T07:35:53","date_gmt":"2025-06-23T12:35:53","guid":{"rendered":"https:\/\/fgsuroccidente.net\/?p=949"},"modified":"2025-07-02T07:39:21","modified_gmt":"2025-07-02T12:39:21","slug":"respeto-a-la-soberania-de-la-republica-islamica-de-iran","status":"publish","type":"post","link":"https:\/\/fgsuroccidente.net\/?p=949","title":{"rendered":"RESPETO A LA SOBERAN\u00cdA DE LA REP\u00daBLICA ISL\u00c1MICA DE IR\u00c1N"},"content":{"rendered":"\n<blockquote class=\"wp-block-quote is-layout-flow wp-block-quote-is-layout-flow\">\n<p><em><strong>Comando Central (COCE)<\/strong><\/em><\/p>\n<\/blockquote>\n\n\n\n<p><em>El Ej\u00e9rcito de Liberaci\u00f3n Nacional se une a las voces de condena, que en el mundo se han expresado contra el demencial ataque masivo de Israel, respaldado por Estados Unidos, contra Ir\u00e1n y que a la vez busca debilitar el apoyo a Palestina.<\/em><\/p>\n\n\n\n<p>Dichas operaciones militares llevadas a cabo, constituyen una grave violaci\u00f3n al derecho internacional y est\u00e1n dirigidas a la destrucci\u00f3n planificada de la soberan\u00eda iran\u00ed, negando adem\u00e1s el leg\u00edtimo derecho de hacer uso pac\u00edfico de la energ\u00eda at\u00f3mica. Ahora, los ataques contra instalaciones nucleares se constituyen en una peligrosa aventura, que empuja a la regi\u00f3n hacia un escalamiento de la confrontaci\u00f3n y una cat\u00e1strofe nuclear.<\/p>\n\n\n\n<p>Debe respetarse el camino propio elegido por el pueblo iran\u00ed. Nos solidarizamos con su lucha y consideramos justa la respuesta inmediata que ha dado a la brutal agresi\u00f3n, confiamos que con la unidad de todo el pueblo, su causa ser\u00e1 victoriosa contra el Estado genocida de Israel y del imperialismo norteamericano.<\/p>\n\n\n\n<p>\u00a1Colombia\u2026 para los trabajadores!<\/p>\n\n\n\n<p>\u00a1Ni un paso atr\u00e1s\u2026 liberaci\u00f3n o muerte!<\/p>\n\n\n\n<p><strong>Comando Central<\/strong><\/p>\n\n\n\n<p>Ej\u00e9rcito de Liberaci\u00f3n Nacional<\/p>\n\n\n\n<p>Monta\u00f1as de Colombia<\/p>\n\n\n\n<p>Junio de 2025<\/p>\n\n\n\n<h2 class=\"wp-block-heading\"><\/h2>\n\n\n\n<p><a href=\"https:\/\/eln-voces.net\/2025\/06\/23\/tumben-la-consulta-popular\/\"><\/a><\/p>\n","protected":false},"excerpt":{"rendered":"<p>Comando Central (COCE) El Ej\u00e9rcito de Liberaci\u00f3n Nacional se une a las voces de condena, que en el mundo se han expresado contra el demencial ataque masivo de Israel, respaldado por Estados Unidos, contra Ir\u00e1n y que a la vez busca debilitar el apoyo a Palestina. Dichas operaciones militares llevadas <a href=\"https:\/\/fgsuroccidente.net\/?p=949\" class=\"btn-link\">Seguir leyendo<i class=\"ion-ios-arrow-right\"><\/i><\/a><\/p>\n","protected":false},"author":2,"featured_media":950,"comment_status":"closed","ping_status":"open","sticky":false,"template":"","format":"standard","meta":{"footnotes":""},"categories":[4,17],"tags":[],"class_list":["post-949","post","type-post","status-publish","format-standard","has-post-thumbnail","hentry","category-coce","category-insurreccion"],"_links":{"self":[{"href":"https:\/\/fgsuroccidente.net\/index.php?rest_route=\/wp\/v2\/posts\/949","targetHints":{"allow":["GET"]}}],"collection":[{"href":"https:\/\/fgsuroccidente.net\/index.php?rest_route=\/wp\/v2\/posts"}],"about":[{"href":"https:\/\/fgsuroccidente.net\/index.php?rest_route=\/wp\/v2\/types\/post"}],"author":[{"embeddable":true,"href":"https:\/\/fgsuroccidente.net\/index.php?rest_route=\/wp\/v2\/users\/2"}],"replies":[{"embeddable":true,"href":"https:\/\/fgsuroccidente.net\/index.php?rest_route=%2Fwp%2Fv2%2Fcomments&post=949"}],"version-history":[{"count":1,"href":"https:\/\/fgsuroccidente.net\/index.php?rest_route=\/wp\/v2\/posts\/949\/revisions"}],"predecessor-version":[{"id":951,"href":"https:\/\/fgsuroccidente.net\/index.php?rest_route=\/wp\/v2\/posts\/949\/revisions\/951"}],"wp:featuredmedia":[{"embeddable":true,"href":"https:\/\/fgsuroccidente.net\/index.php?rest_route=\/wp\/v2\/media\/950"}],"wp:attachment":[{"href":"https:\/\/fgsuroccidente.net\/index.php?rest_route=%2Fwp%2Fv2%2Fmedia&parent=949"}],"wp:term":[{"taxonomy":"category","embeddable":true,"href":"https:\/\/fgsuroccidente.net\/index.php?rest_route=%2Fwp%2Fv2%2Fcategories&post=949"},{"taxonomy":"post_tag","embeddable":true,"href":"https:\/\/fgsuroccidente.net\/index.php?rest_route=%2Fwp%2Fv2%2Ftags&post=949"}],"curies":[{"name":"wp","href":"https:\/\/api.w.org\/{rel}","templated":true}]}}