{"id":952,"date":"2025-06-30T07:41:28","date_gmt":"2025-06-30T12:41:28","guid":{"rendered":"https:\/\/fgsuroccidente.net\/?p=952"},"modified":"2025-07-02T07:43:37","modified_gmt":"2025-07-02T12:43:37","slug":"el-sueno-de-camilo-sigue-intacto","status":"publish","type":"post","link":"https:\/\/fgsuroccidente.net\/?p=952","title":{"rendered":"EL SUE\u00d1O DE CAMILO SIGUE INTACTO"},"content":{"rendered":"\n<blockquote class=\"wp-block-quote is-layout-flow wp-block-quote-is-layout-flow\">\n<p><em><strong>Comando Central (COCE)<\/strong><\/em><\/p>\n<\/blockquote>\n\n\n\n<p><em>Este 4 de julio, el ELN cumple 61 a\u00f1os de alzamiento armado ininterrumpido, firme en sus objetivos estrat\u00e9gicos, formulados desde sus inicios y enriquecidos por la lucha del pueblo y sus heroicos combatientes, que han ofrendado sus vidas.<\/em><\/p>\n\n\n\n<p>A tan solo un a\u00f1o de existencia, el ELN le llam\u00f3 poderosamente la atenci\u00f3n a Camilo Torres Restrepo, que un grupo de j\u00f3venes junto a luchadores campesinos tuviesen el valor de alzarse en armas, para buscar los cambios de la sociedad colombiana, pero esta vez con una inspiraci\u00f3n aut\u00e9nticamente popular y revolucionaria, no se creer\u00eda nunca m\u00e1s en liderazgos venidos de los pol\u00edticos tradicionales.<\/p>\n\n\n\n<p>Camilo, al igual que en su tiempo Jorge Eli\u00e9cer Gait\u00e1n, era el m\u00e1s importante dirigente del pueblo colombiano, de las causas populares y revolucionarias, identific\u00f3 en los mensajes del ELN los mismos objetivos contemplados en su programa del Frente Unido; producto de esas identidades se evolucionar\u00eda a un proyecto estrat\u00e9gico renovado y fortalecido por la unidad del ELN con el Frente Unido, que culminar\u00eda con la vinculaci\u00f3n definitiva de Camilo a las filas guerrilleras.<\/p>\n\n\n\n<p>As\u00ed como le habl\u00f3 al pueblo y lo convoc\u00f3 sin ambages al alzamiento armado rebelde, Camilo de manera consecuente cay\u00f3 en combate a los pocos meses, igual como lo han hecho muchos combatientes y comandantes. Si bien fue corto el tiempo en la lucha guerrillera, si muy profunda su vivencia con mandos y combatientes, dejando impregnada en la conciencia y corazones elenos su talante de revolucionario, su lealtad inquebrantable a la causa de los pueblos.<\/p>\n\n\n\n<p>As\u00ed como los pueblos y colectividades hacen a sus dirigentes, en esta oportunidad, es el talante y dimensi\u00f3n de Camilo el que nos coloca el reto de no ser inferiores a su ejemplo. Camilo como aut\u00e9ntico dirigente del pueblo asumi\u00f3 un compromiso con \u00e9l, para hacer de Colombia un pa\u00eds soberano, democr\u00e1tico y justo; por tanto, el ELN hered\u00f3 de Camilo, ese compromiso con su pueblo.<\/p>\n\n\n\n<p>Durante estos 61 a\u00f1os, el ELN se ha mantenido unido y firme en la lucha, no ha dudado de ella, pese a que las dem\u00e1s agrupaciones declinaron en la lucha y son funcionales al r\u00e9gimen pol\u00edtico y a sus gobiernos, el ELN seguir\u00e1 cumpliendo ese legado y compromiso de Camilo con el pueblo, a la integridad de su lucha revolucionaria y para que Colombia sea definitivamente otra, tal como la so\u00f1\u00f3 Camilo.<\/p>\n\n\n\n<p>Consecuentes con esas aspiraciones de Camilo y el pueblo colombiano, en este 61 aniversario del ELN reafirmamos nuestra invitaci\u00f3n a los sectores democr\u00e1ticos, populares y revolucionarios a fortalecer la lucha, hasta alcanzar las transformaciones que la naci\u00f3n reclama.<\/p>\n\n\n\n<p>\u00a1Colombia\u2026 para los trabajadores!<\/p>\n\n\n\n<p>\u00a1Ni un paso atr\u00e1s\u2026 liberaci\u00f3n o muerte!<\/p>\n\n\n\n<p><strong>Comando Central<\/strong><\/p>\n\n\n\n<p>Ej\u00e9rcito de Liberaci\u00f3n Nacional<\/p>\n\n\n\n<p>Monta\u00f1as de Colombia<\/p>\n\n\n\n<p>Junio 30 de 2025<\/p>\n","protected":false},"excerpt":{"rendered":"<p>Comando Central (COCE) Este 4 de julio, el ELN cumple 61 a\u00f1os de alzamiento armado ininterrumpido, firme en sus objetivos estrat\u00e9gicos, formulados desde sus inicios y enriquecidos por la lucha del pueblo y sus heroicos combatientes, que han ofrendado sus vidas. A tan solo un a\u00f1o de existencia, el ELN <a href=\"https:\/\/fgsuroccidente.net\/?p=952\" class=\"btn-link\">Seguir leyendo<i class=\"ion-ios-arrow-right\"><\/i><\/a><\/p>\n","protected":false},"author":2,"featured_media":953,"comment_status":"closed","ping_status":"open","sticky":false,"template":"","format":"standard","meta":{"footnotes":""},"categories":[4,17],"tags":[],"class_list":["post-952","post","type-post","status-publish","format-standard","has-post-thumbnail","hentry","category-coce","category-insurreccion"],"_links":{"self":[{"href":"https:\/\/fgsuroccidente.net\/index.php?rest_route=\/wp\/v2\/posts\/952","targetHints":{"allow":["GET"]}}],"collection":[{"href":"https:\/\/fgsuroccidente.net\/index.php?rest_route=\/wp\/v2\/posts"}],"about":[{"href":"https:\/\/fgsuroccidente.net\/index.php?rest_route=\/wp\/v2\/types\/post"}],"author":[{"embeddable":true,"href":"https:\/\/fgsuroccidente.net\/index.php?rest_route=\/wp\/v2\/users\/2"}],"replies":[{"embeddable":true,"href":"https:\/\/fgsuroccidente.net\/index.php?rest_route=%2Fwp%2Fv2%2Fcomments&post=952"}],"version-history":[{"count":1,"href":"https:\/\/fgsuroccidente.net\/index.php?rest_route=\/wp\/v2\/posts\/952\/revisions"}],"predecessor-version":[{"id":954,"href":"https:\/\/fgsuroccidente.net\/index.php?rest_route=\/wp\/v2\/posts\/952\/revisions\/954"}],"wp:featuredmedia":[{"embeddable":true,"href":"https:\/\/fgsuroccidente.net\/index.php?rest_route=\/wp\/v2\/media\/953"}],"wp:attachment":[{"href":"https:\/\/fgsuroccidente.net\/index.php?rest_route=%2Fwp%2Fv2%2Fmedia&parent=952"}],"wp:term":[{"taxonomy":"category","embeddable":true,"href":"https:\/\/fgsuroccidente.net\/index.php?rest_route=%2Fwp%2Fv2%2Fcategories&post=952"},{"taxonomy":"post_tag","embeddable":true,"href":"https:\/\/fgsuroccidente.net\/index.php?rest_route=%2Fwp%2Fv2%2Ftags&post=952"}],"curies":[{"name":"wp","href":"https:\/\/api.w.org\/{rel}","templated":true}]}}