{"id":955,"date":"2025-07-01T07:47:21","date_gmt":"2025-07-01T12:47:21","guid":{"rendered":"https:\/\/fgsuroccidente.net\/?p=955"},"modified":"2025-07-02T08:36:40","modified_gmt":"2025-07-02T13:36:40","slug":"gabino-a-61-anos-de-esta-gesta-insurgente","status":"publish","type":"post","link":"https:\/\/fgsuroccidente.net\/?p=955","title":{"rendered":"GABINO: A 61 A\u00d1OS DE ESTA GESTA INSURGENTE"},"content":{"rendered":"\n<blockquote class=\"wp-block-quote is-layout-flow wp-block-quote-is-layout-flow\">\n<p><em><strong>Comandante Nicol\u00e1s Rodr\u00edguez Bautista (Gabino)<\/strong><\/em><\/p>\n<\/blockquote>\n\n\n\n<p><em><strong>Al pueblo colombiano, a las compa\u00f1eras y compa\u00f1eros del Ej\u00e9rcito de Liberaci\u00f3n Nacional (ELN), los saludo con un abrazo fraterno, que lleva las motivaciones revolucionarias y humanistas, al cumplirse el aniversario 61, de esta gesta insurgente que estamos pr\u00f3ximos a conmemorar este 4 de julio.<\/strong><\/em><\/p>\n\n\n\n<p><strong>Seguir hoy acompa\u00f1ando con nuestros modestos esfuerzos las luchas del pueblo y la naci\u00f3n, es digno de resaltar, por todos los retos que hemos tenido que superar y los sacrificios asumidos, para colocar en alto la dignidad y el compromiso.<\/strong><\/p>\n\n\n\n<p><strong>Otras fuerzas guerrilleras hermanas que nos acompa\u00f1aron en un trecho del camino, abandonaron la v\u00eda del levantamiento armado y optaron por otros caminos que respetamos, pero diferimos de ello.<\/strong><\/p>\n\n\n\n<p><strong>Es verdad que en este m\u00e1s de medio siglo, hay cambios importantes en la vida del pa\u00eds, el mundo e innegables desarrollos en la vida de la humanidad.<\/strong><\/p>\n\n\n\n<p><strong>Sin embargo, en Colombia, a pesar de tales cambios, las causas econ\u00f3micas, pol\u00edticas y sociales que originaron el levantamiento armado y la resistencia popular y guerrillera siguen vigentes, por ello la legitimidad de la rebeld\u00eda como derecho del pueblo no est\u00e1 en cuesti\u00f3n<\/strong>.<\/p>\n\n\n\n<p><strong>El hecho de que el ELN exista hoy como fuerza insurgente, en constante desarrollo, manteniendo sus principios, su programa, sus lineamientos, una estrategia definida y un hilo hist\u00f3rico coherente, reafirman nuestros puntos de vista al respecto.<\/strong><\/p>\n\n\n\n<p><strong>Luego del Estallido Social de 2021 que hizo posible la elecci\u00f3n de un presidente salido de los sectores populares y con un pensamiento progresista, varios amigos, nos llamaron a reconsiderar la continuidad del ser insurgentes, para sumar fuerzas en el gobierno del cambio.<\/strong><\/p>\n\n\n\n<p><strong>Con este gobierno se establecieron di\u00e1logos y se hicieron acuerdos que ten\u00edan como objetivo hallar una Salida Pol\u00edtica al Conflicto, en la v\u00eda de solucionar las causas que originaron el conflicto social y armado en Colombia.<\/strong><\/p>\n\n\n\n<p><strong>El gobierno incumpli\u00f3 lo acordado, porque mantiene la misma f\u00f3rmula de los anteriores: desmovilizaci\u00f3n, desarme y reinserci\u00f3n de la insurgencia.<\/strong><\/p>\n\n\n\n<p><strong>Esa fracasada f\u00f3rmula no la acepta el ELN, entre otras cosas porque en diferentes momentos se ha desarrollado y siempre pierden los guerrilleros, se afecta la lucha por los cambios, gana la clase dominante y aumenta la violencia.<\/strong><\/p>\n\n\n\n<p><strong>El ELN sabe que los cambios indispensables para superar las causas que originaron el conflicto, hacen indispensable la uni\u00f3n, las alianzas y la coordinaci\u00f3n entre todas y todos los que luchamos por ello, as\u00ed tengamos diferencias o seamos de diferente car\u00e1cter, por eso en las filas de los luchadores no cabe la exclusi\u00f3n, esta es la pr\u00e1ctica impositiva de la clase dominante<\/strong>.<\/p>\n\n\n\n<p><strong>Todos los esfuerzos por el bienestar del pueblo, suman para la lucha y no los subestimamos, sin embargo, reiteramos, que el objetivo esencial de la lucha popular y revolucionaria, son los cambios econ\u00f3micos, pol\u00edticos y sociales que superen las causas, que originaron el levantamiento armado y este empe\u00f1o y compromiso lo reiteramos hoy desde nuestro car\u00e1cter insurgente.<\/strong><\/p>\n\n\n\n<p><strong>Nuestro ser internacionalista nos hace solidarios con todos los pueblos y las naciones del mundo, que resisten y luchan por su liberaci\u00f3n, para quitarse el yugo imperialista.<\/strong><\/p>\n\n\n\n<p><strong>El criminal genocidio del pueblo palestino, nos sensibiliza m\u00e1s en nuestro compromiso revolucionario antiimperialista.<\/strong><\/p>\n\n\n\n<p><strong>Compa\u00f1eras, compa\u00f1eros elenos, la firmeza, la lealtad y el compromiso revolucionario nos hace honrar a quienes en estos 61 a\u00f1os han dado su vida dignamente, al lado de innumerables hombre y mujeres del pueblo.<\/strong><\/p>\n\n\n\n<p><strong>Hoy seguimos sosteniendo en alto sus banderas para gritar con ellas y con ellos: \u00a1Ni un Paso Atr\u00e1s\u2026 Liberaci\u00f3n o Muerte!<\/strong><\/p>\n\n\n\n<p><\/p>\n","protected":false},"excerpt":{"rendered":"<p>Comandante Nicol\u00e1s Rodr\u00edguez Bautista (Gabino) Al pueblo colombiano, a las compa\u00f1eras y compa\u00f1eros del Ej\u00e9rcito de Liberaci\u00f3n Nacional (ELN), los saludo con un abrazo fraterno, que lleva las motivaciones revolucionarias y humanistas, al cumplirse el aniversario 61, de esta gesta insurgente que estamos pr\u00f3ximos a conmemorar este 4 de julio. <a href=\"https:\/\/fgsuroccidente.net\/?p=955\" class=\"btn-link\">Seguir leyendo<i class=\"ion-ios-arrow-right\"><\/i><\/a><\/p>\n","protected":false},"author":2,"featured_media":956,"comment_status":"closed","ping_status":"open","sticky":false,"template":"","format":"standard","meta":{"footnotes":""},"categories":[6],"tags":[],"class_list":["post-955","post","type-post","status-publish","format-standard","has-post-thumbnail","hentry","category-frentes-guerrilleros"],"_links":{"self":[{"href":"https:\/\/fgsuroccidente.net\/index.php?rest_route=\/wp\/v2\/posts\/955","targetHints":{"allow":["GET"]}}],"collection":[{"href":"https:\/\/fgsuroccidente.net\/index.php?rest_route=\/wp\/v2\/posts"}],"about":[{"href":"https:\/\/fgsuroccidente.net\/index.php?rest_route=\/wp\/v2\/types\/post"}],"author":[{"embeddable":true,"href":"https:\/\/fgsuroccidente.net\/index.php?rest_route=\/wp\/v2\/users\/2"}],"replies":[{"embeddable":true,"href":"https:\/\/fgsuroccidente.net\/index.php?rest_route=%2Fwp%2Fv2%2Fcomments&post=955"}],"version-history":[{"count":2,"href":"https:\/\/fgsuroccidente.net\/index.php?rest_route=\/wp\/v2\/posts\/955\/revisions"}],"predecessor-version":[{"id":959,"href":"https:\/\/fgsuroccidente.net\/index.php?rest_route=\/wp\/v2\/posts\/955\/revisions\/959"}],"wp:featuredmedia":[{"embeddable":true,"href":"https:\/\/fgsuroccidente.net\/index.php?rest_route=\/wp\/v2\/media\/956"}],"wp:attachment":[{"href":"https:\/\/fgsuroccidente.net\/index.php?rest_route=%2Fwp%2Fv2%2Fmedia&parent=955"}],"wp:term":[{"taxonomy":"category","embeddable":true,"href":"https:\/\/fgsuroccidente.net\/index.php?rest_route=%2Fwp%2Fv2%2Fcategories&post=955"},{"taxonomy":"post_tag","embeddable":true,"href":"https:\/\/fgsuroccidente.net\/index.php?rest_route=%2Fwp%2Fv2%2Ftags&post=955"}],"curies":[{"name":"wp","href":"https:\/\/api.w.org\/{rel}","templated":true}]}}