{"id":974,"date":"2025-06-03T10:37:00","date_gmt":"2025-06-03T15:37:00","guid":{"rendered":"https:\/\/fgsuroccidente.net\/?p=974"},"modified":"2025-07-02T10:46:07","modified_gmt":"2025-07-02T15:46:07","slug":"comunicado-del-frente-de-guerra-sur-occidentalpara-el-pueblo-y-comunidad-colombianos","status":"publish","type":"post","link":"https:\/\/fgsuroccidente.net\/?p=974","title":{"rendered":"COMUNICADO DEL FRENTE DE GUERRA SUR OCCIDENTAL,PARA EL PUEBLO Y COMUNIDAD COLOMBIANOS"},"content":{"rendered":"\n<p><strong>Los medios de comunicaci\u00f3n difundieron la tr\u00e1gica noticia donde citan que el martes de 3 de junio de 2025, en la vereda Cuaiquer Viejo, zona rural del municipio de Ricaurte, en el piedemonte costero de Nari\u00f1o, fueron masacradas tres personas, una de ellas, el l\u00edder Ind\u00edgena Luis Aurelio Araujo Hern\u00e1ndez, Coordinador de los diez resguardos que componen la organizaci\u00f3n ind\u00edgena CAMAWARI y sus dos escoltas, Jes\u00fas Albeiro Ch\u00e1vez y Jackson Solarte, asignados por la Unidad Nacional de Protecci\u00f3n (UNP). Las v\u00edctimas que se movilizaban en un veh\u00edculo de la UNP, fueron interceptadas por bandas armadas quienes les propinaron m\u00faltiples disparos y posteriormente las incineraron dentro del mismo veh\u00edculo.<\/strong><\/p>\n\n\n\n<div data-wp-interactive=\"core\/file\" class=\"wp-block-file\"><object data-wp-bind--hidden=\"!state.hasPdfPreview\" hidden class=\"wp-block-file__embed\" data=\"https:\/\/fgsuroccidente.net\/wp-content\/uploads\/2025\/07\/Comunicado-junio.pdf\" type=\"application\/pdf\" style=\"width:100%;height:600px\" aria-label=\"Incrustado de Comunicado junio.\"><\/object><a id=\"wp-block-file--media-45976fca-72c5-4c8c-8c0f-469354c4221d\" href=\"https:\/\/fgsuroccidente.net\/wp-content\/uploads\/2025\/07\/Comunicado-junio.pdf\">Comunicado junio<\/a><a href=\"https:\/\/fgsuroccidente.net\/wp-content\/uploads\/2025\/07\/Comunicado-junio.pdf\" class=\"wp-block-file__button wp-element-button\" download aria-describedby=\"wp-block-file--media-45976fca-72c5-4c8c-8c0f-469354c4221d\">Descarga<\/a><\/div>\n","protected":false},"excerpt":{"rendered":"<p>Los medios de comunicaci\u00f3n difundieron la tr\u00e1gica noticia donde citan que el martes de 3 de junio de 2025, en la vereda Cuaiquer Viejo, zona rural del municipio de Ricaurte, en el piedemonte costero de Nari\u00f1o, fueron masacradas tres personas, una de ellas, el l\u00edder Ind\u00edgena Luis Aurelio Araujo Hern\u00e1ndez, <a href=\"https:\/\/fgsuroccidente.net\/?p=974\" class=\"btn-link\">Seguir leyendo<i class=\"ion-ios-arrow-right\"><\/i><\/a><\/p>\n","protected":false},"author":2,"featured_media":738,"comment_status":"closed","ping_status":"open","sticky":false,"template":"","format":"standard","meta":{"footnotes":""},"categories":[5,22],"tags":[],"class_list":["post-974","post","type-post","status-publish","format-standard","has-post-thumbnail","hentry","category-comunicados","category-region"],"_links":{"self":[{"href":"https:\/\/fgsuroccidente.net\/index.php?rest_route=\/wp\/v2\/posts\/974","targetHints":{"allow":["GET"]}}],"collection":[{"href":"https:\/\/fgsuroccidente.net\/index.php?rest_route=\/wp\/v2\/posts"}],"about":[{"href":"https:\/\/fgsuroccidente.net\/index.php?rest_route=\/wp\/v2\/types\/post"}],"author":[{"embeddable":true,"href":"https:\/\/fgsuroccidente.net\/index.php?rest_route=\/wp\/v2\/users\/2"}],"replies":[{"embeddable":true,"href":"https:\/\/fgsuroccidente.net\/index.php?rest_route=%2Fwp%2Fv2%2Fcomments&post=974"}],"version-history":[{"count":2,"href":"https:\/\/fgsuroccidente.net\/index.php?rest_route=\/wp\/v2\/posts\/974\/revisions"}],"predecessor-version":[{"id":977,"href":"https:\/\/fgsuroccidente.net\/index.php?rest_route=\/wp\/v2\/posts\/974\/revisions\/977"}],"wp:featuredmedia":[{"embeddable":true,"href":"https:\/\/fgsuroccidente.net\/index.php?rest_route=\/wp\/v2\/media\/738"}],"wp:attachment":[{"href":"https:\/\/fgsuroccidente.net\/index.php?rest_route=%2Fwp%2Fv2%2Fmedia&parent=974"}],"wp:term":[{"taxonomy":"category","embeddable":true,"href":"https:\/\/fgsuroccidente.net\/index.php?rest_route=%2Fwp%2Fv2%2Fcategories&post=974"},{"taxonomy":"post_tag","embeddable":true,"href":"https:\/\/fgsuroccidente.net\/index.php?rest_route=%2Fwp%2Fv2%2Ftags&post=974"}],"curies":[{"name":"wp","href":"https:\/\/api.w.org\/{rel}","templated":true}]}}